{"id":87751,"date":"2016-06-08T10:10:09","date_gmt":"2016-06-08T13:10:09","guid":{"rendered":"http:\/\/www.redenoticia.com.br\/noticia\/?p=87751"},"modified":"2016-06-07T18:08:21","modified_gmt":"2016-06-07T21:08:21","slug":"pib-da-zona-do-euro-cresce-17-diz-eurostat","status":"publish","type":"post","link":"https:\/\/www.redenoticia.com.br\/noticia\/2016\/pib-da-zona-do-euro-cresce-17-diz-eurostat\/87751","title":{"rendered":"PIB da zona do euro cresce 1,7%, diz Eurostat"},"content":{"rendered":"<p> O <strong><em>Produto Interno Bruto<\/em><\/strong> (PIB \u2013 a soma de todas as riquezas produzidas pelos pa\u00edses) da zona do euro cresceu 0,6% no primeiro trimestre de 2016, em compara\u00e7\u00e3o aos \u00faltimos tr\u00eas meses de 2015. O aumento, quando comparado ao primeiro trimestre de 2015, \u00e9 de 1,7%. \u00c9 o que informa documento publicado pelo Eurostat, escrit\u00f3rio estat\u00edstico da Uni\u00e3o Europeia. <\/p>\n<p>A chamada zona do euro inclui B\u00e9lgica, Alemanha, Est\u00f4nia, Irlanda, Gr\u00e9cia, Espanha, Fran\u00e7a, It\u00e1lia, Chipre, Let\u00f4nia, Litu\u00e2nia, Luxemburgo, Malta, Pa\u00edses Baixos, \u00c1ustria, Portugal, Eslov\u00eania, Eslov\u00e1quia e Finl\u00e2ndia.<\/p>\n<p>J\u00e1 o PIB da Uni\u00e3o Europeia, que envolve, al\u00e9m dos pa\u00edses da zona do euro, Bulg\u00e1ria, Rep\u00fablica Tcheca, Dinamarca, Cro\u00e1cia, Hungria, Pol\u00f4nia, Rom\u00eania, Su\u00e9cia e Reino Unido, acusou expans\u00e3o &#8211; entre janeiro e mar\u00e7o deste ano &#8211; de 0,5%. Quando comparado ao primeiro trimestre de 2015, o percentual sobe para 1,8%.<\/p>\n<p>Mais n\u00fameros<\/p>\n<p>Em Portugal, a economia cresceu 0,9% em rela\u00e7\u00e3o ao primeiro trimestre de 2015; e 0,2% em rela\u00e7\u00e3o ao \u00faltimo trimestre do ano passado.<\/p>\n<p>Segundo o Eurostat, os pa\u00edses que tiveram maior crescimento na economia no \u00faltimo ano foram a Su\u00e9cia e a Rom\u00eania (4,2%), Eslov\u00e1quia (3,7%) e Espanha (3,4%). A Alemanha cresceu 1,6% e a Fran\u00e7a, 1,4%. A Gr\u00e9cia (-1,4%) foi o \u00fanico pa\u00eds cujo PIB ficou negativo.<\/p>\n<p>Quando comparado ao trimestre anterior, a expans\u00e3o mais expressiva foi da Rom\u00eania (1,6%), seguida por Chipre (0,9%), Espanha, Litu\u00e2nia, \u00c1ustria e Eslov\u00e1quia (0,8%), Bulg\u00e1ria e Alemanha (0,7%).<\/p>\n<p>Os pa\u00edses que tiveram maior retra\u00e7\u00e3o, em rela\u00e7\u00e3o aos \u00faltimos tr\u00eas meses do ano passado, foram a Hungria (-0,8%), Gr\u00e9cia (-0,5%) e a Pol\u00f4nia (-0,1%).<\/p>\n<p>Marieta Cazarr\u00e9 &#8211; Correspondente da Ag\u00eancia Brasil<br \/>\nEdi\u00e7\u00e3o: Kleber Sampaio<br \/>\n08\/06\/2016<\/p>\n","protected":false},"excerpt":{"rendered":"<p>O Produto Interno Bruto (PIB \u2013 a soma de todas as riquezas produzidas pelos pa\u00edses) da zona do euro cresceu 0,6% no primeiro trimestre de 2016, em compara\u00e7\u00e3o aos \u00faltimos tr\u00eas meses de 2015. O aumento, quando comparado ao primeiro trimestre de 2015, \u00e9 de 1,7%. \u00c9 o que informa documento publicado pelo Eurostat, escrit\u00f3rio [&hellip;]<\/p>\n","protected":false},"author":2,"featured_media":57582,"comment_status":"open","ping_status":"closed","sticky":false,"template":"","format":"standard","meta":{"_genesis_hide_title":false,"_genesis_hide_breadcrumbs":false,"_genesis_hide_singular_image":false,"_genesis_hide_footer_widgets":false,"_genesis_custom_body_class":"","_genesis_custom_post_class":"","_genesis_layout":"","_jetpack_memberships_contains_paid_content":false,"footnotes":""},"categories":[22,7],"tags":[],"class_list":{"0":"post-87751","1":"post","2":"type-post","3":"status-publish","4":"format-standard","5":"has-post-thumbnail","7":"category-brasil","8":"category-economia","9":"entry","10":"gs-1","11":"gs-odd","12":"gs-even","13":"gs-featured-content-entry"},"jetpack_featured_media_url":"https:\/\/www.redenoticia.com.br\/noticia\/imagens\/grafico1.jpg","jetpack_sharing_enabled":true,"jetpack_likes_enabled":true,"_links":{"self":[{"href":"https:\/\/www.redenoticia.com.br\/noticia\/wp-json\/wp\/v2\/posts\/87751","targetHints":{"allow":["GET"]}}],"collection":[{"href":"https:\/\/www.redenoticia.com.br\/noticia\/wp-json\/wp\/v2\/posts"}],"about":[{"href":"https:\/\/www.redenoticia.com.br\/noticia\/wp-json\/wp\/v2\/types\/post"}],"author":[{"embeddable":true,"href":"https:\/\/www.redenoticia.com.br\/noticia\/wp-json\/wp\/v2\/users\/2"}],"replies":[{"embeddable":true,"href":"https:\/\/www.redenoticia.com.br\/noticia\/wp-json\/wp\/v2\/comments?post=87751"}],"version-history":[{"count":0,"href":"https:\/\/www.redenoticia.com.br\/noticia\/wp-json\/wp\/v2\/posts\/87751\/revisions"}],"wp:featuredmedia":[{"embeddable":true,"href":"https:\/\/www.redenoticia.com.br\/noticia\/wp-json\/wp\/v2\/media\/57582"}],"wp:attachment":[{"href":"https:\/\/www.redenoticia.com.br\/noticia\/wp-json\/wp\/v2\/media?parent=87751"}],"wp:term":[{"taxonomy":"category","embeddable":true,"href":"https:\/\/www.redenoticia.com.br\/noticia\/wp-json\/wp\/v2\/categories?post=87751"},{"taxonomy":"post_tag","embeddable":true,"href":"https:\/\/www.redenoticia.com.br\/noticia\/wp-json\/wp\/v2\/tags?post=87751"}],"curies":[{"name":"wp","href":"https:\/\/api.w.org\/{rel}","templated":true}]}}