{"id":87662,"date":"2016-06-07T10:11:49","date_gmt":"2016-06-07T13:11:49","guid":{"rendered":"http:\/\/www.redenoticia.com.br\/noticia\/?p=87662"},"modified":"2016-06-06T18:12:45","modified_gmt":"2016-06-06T21:12:45","slug":"producao-de-veiculos-cresce-32-em-maio-mas-tem-queda-de-243-no-ano","status":"publish","type":"post","link":"https:\/\/www.redenoticia.com.br\/noticia\/2016\/producao-de-veiculos-cresce-32-em-maio-mas-tem-queda-de-243-no-ano\/87662","title":{"rendered":"Produ\u00e7\u00e3o de ve\u00edculos cresce 3,2% em maio, mas tem queda de 24,3% no ano"},"content":{"rendered":"<p> A <strong><em>produ\u00e7\u00e3o de ve\u00edculos<\/em><\/strong> automotores em maio somou 175,3 mil unidades, um aumento de 3,2% em rela\u00e7\u00e3o a abril (169,8 mil), de acordo com balan\u00e7o da Associa\u00e7\u00e3o Nacional dos Fabricantes de Ve\u00edculos Automotores (Anfavea), divulgado na capital paulista. Na compara\u00e7\u00e3o com maio de 2015, quando foram produzidos 213,8 mil, houve queda de 18%. No acumulado do ano, a produ\u00e7\u00e3o totaliza 834 mil unidades, queda de 24,3% em rela\u00e7\u00e3o ao mesmo per\u00edodo do ano passado (1,101 milh\u00e3o). &#8220;Nesse setor, observamos algumas preocupa\u00e7\u00f5es. Voltamos aos n\u00edveis de 2004. Isso preocupa&#8221;, disse o presidente da Anfavea, Ant\u00f4nio Megale.<\/p>\n<p>A venda em maio chegou a 167,4 mil unidades, o que representa uma eleva\u00e7\u00e3o de 2,8% ante os 162,9 mil licenciados em abril. Em rela\u00e7\u00e3o a maio do ano passado, quando foram vendidos 212,6 mil ve\u00edculos, o licenciamento caiu 21,3%. No acumulado deste ano, foram comercializados 811,7 mil ve\u00edculos, 26,6% a menos do que no mesmo per\u00edodo de 2015.<\/p>\n<p>Exporta\u00e7\u00f5es<\/p>\n<p>As exporta\u00e7\u00f5es aumentaram 23,9% em maio de 2016 na compara\u00e7\u00e3o com abril. Foram vendidas no mercado externo 46.895 unidades contra as 37.851 de abril. Em rela\u00e7\u00e3o a maio de 2015, quando o setor vendeu 40.762 unidades no exterior, foi registrada eleva\u00e7\u00e3o de 15%. No acumulado do ano, houve aumento de 21,8%, com a comercializa\u00e7\u00e3o de 183.253 unidades, contra as 150.479 do mesmo per\u00edodo de 2015.<\/p>\n<p>De acordo com Megale, o mercado interno tem se mostrado fr\u00e1gil e o c\u00e2mbio entrou em um valor de faixa competitiva, com isso, as empresas passaram a olhar com mais aten\u00e7\u00e3o para as exporta\u00e7\u00f5es. &#8220;Al\u00e9m disso, o governo tamb\u00e9m est\u00e1 discutindo acordos de com\u00e9rcio com outros pa\u00edses. Esses esfor\u00e7os das empresas e do governo t\u00eam surtido efeito e a exporta\u00e7\u00e3o tem esbo\u00e7ado um vi\u00e9s positivo.&#8221;<\/p>\n<p>Estoques<\/p>\n<p>Segundo a Anfavea, o m\u00eas de maio terminou com um estoque nas montadoras e concession\u00e1rias que chega a 236,4 mil unidades. &#8220;Quando fazemos a rela\u00e7\u00e3o entre estoque e ritmo de de vendas de maio, chegamos a um estoque de 42 dias, o que ainda \u00e9 um n\u00famero elevado, apesar de todos os esfor\u00e7os das empresas para diminuir esse n\u00famero&#8221;, observou Megale.<\/p>\n<p>Os dados mostram ainda que houve fechamento de 1,3 mil postos de trabalho. &#8220;Isso mostra esfor\u00e7o importante para a manuten\u00e7\u00e3o do n\u00edvel de emprego, porque existe um n\u00famero maior de funcion\u00e1rios em rela\u00e7\u00e3o ao n\u00edvel de produ\u00e7\u00e3o. Temos observado que existe algum tipo de contrata\u00e7\u00e3o de funcion\u00e1rios para fazer frente a contratos de exporta\u00e7\u00e3o que est\u00e3o sendo fechados&#8221;. Segundo Megale, o setor fechou o m\u00eas de maio com 27 mil funcion\u00e1rios em regime de lay-off (suspens\u00e3o tempor\u00e1ria do contrato de trabalho) e no Programa de Prote\u00e7\u00e3o ao Emprego (PPE). Do total, 6 mil ficaram em lay-off e 21 mil foram inseridos no PPE.<\/p>\n<p>De acordo com a Anfavea, a previs\u00e3o \u00e9 que em 2016 haja queda de 5,5% na produ\u00e7\u00e3o, redu\u00e7\u00e3o de 19% nas vendas e eleva\u00e7\u00e3o de 21,5% nas exporta\u00e7\u00f5es.<\/p>\n<p>Megale ressaltou que a Anfavea tem acompanhado atentamente a mudan\u00e7a de governo e as novas medidas, mas n\u00e3o acredita que haja medidas de incentivo para o setor. &#8220;N\u00e3o vemos possibilidade de desonera\u00e7\u00e3o ou de alguma demanda de apoio. Entendemos que \u00e9 importante que procuremos uma forma de estabiliza\u00e7\u00e3o das linhas de financiamento e que compreendamos as regras futuras com clareza para que possamos trabalhar. O pa\u00eds precisa voltar a crescer, pois esse \u00e9 o vetor que far\u00e1 a ind\u00fastria evoluir.&#8221;<\/p>\n<p>Fl\u00e1via Albuquerque &#8211; Rep\u00f3rter da Ag\u00eancia Brasil<br \/>\nEdi\u00e7\u00e3o: Juliana Andrade<br \/>\n07\/06\/2016<\/p>\n","protected":false},"excerpt":{"rendered":"<p>A produ\u00e7\u00e3o de ve\u00edculos automotores em maio somou 175,3 mil unidades, um aumento de 3,2% em rela\u00e7\u00e3o a abril (169,8 mil), de acordo com balan\u00e7o da Associa\u00e7\u00e3o Nacional dos Fabricantes de Ve\u00edculos Automotores (Anfavea), divulgado na capital paulista. Na compara\u00e7\u00e3o com maio de 2015, quando foram produzidos 213,8 mil, houve queda de 18%. No acumulado [&hellip;]<\/p>\n","protected":false},"author":2,"featured_media":35207,"comment_status":"open","ping_status":"closed","sticky":false,"template":"","format":"standard","meta":{"_genesis_hide_title":false,"_genesis_hide_breadcrumbs":false,"_genesis_hide_singular_image":false,"_genesis_hide_footer_widgets":false,"_genesis_custom_body_class":"","_genesis_custom_post_class":"","_genesis_layout":"","_jetpack_memberships_contains_paid_content":false,"footnotes":""},"categories":[22,7],"tags":[],"class_list":{"0":"post-87662","1":"post","2":"type-post","3":"status-publish","4":"format-standard","5":"has-post-thumbnail","7":"category-brasil","8":"category-economia","9":"entry","10":"gs-1","11":"gs-odd","12":"gs-even","13":"gs-featured-content-entry"},"jetpack_featured_media_url":"https:\/\/www.redenoticia.com.br\/noticia\/imagens\/transito-estradas.jpg","jetpack_sharing_enabled":true,"jetpack_likes_enabled":true,"_links":{"self":[{"href":"https:\/\/www.redenoticia.com.br\/noticia\/wp-json\/wp\/v2\/posts\/87662","targetHints":{"allow":["GET"]}}],"collection":[{"href":"https:\/\/www.redenoticia.com.br\/noticia\/wp-json\/wp\/v2\/posts"}],"about":[{"href":"https:\/\/www.redenoticia.com.br\/noticia\/wp-json\/wp\/v2\/types\/post"}],"author":[{"embeddable":true,"href":"https:\/\/www.redenoticia.com.br\/noticia\/wp-json\/wp\/v2\/users\/2"}],"replies":[{"embeddable":true,"href":"https:\/\/www.redenoticia.com.br\/noticia\/wp-json\/wp\/v2\/comments?post=87662"}],"version-history":[{"count":0,"href":"https:\/\/www.redenoticia.com.br\/noticia\/wp-json\/wp\/v2\/posts\/87662\/revisions"}],"wp:featuredmedia":[{"embeddable":true,"href":"https:\/\/www.redenoticia.com.br\/noticia\/wp-json\/wp\/v2\/media\/35207"}],"wp:attachment":[{"href":"https:\/\/www.redenoticia.com.br\/noticia\/wp-json\/wp\/v2\/media?parent=87662"}],"wp:term":[{"taxonomy":"category","embeddable":true,"href":"https:\/\/www.redenoticia.com.br\/noticia\/wp-json\/wp\/v2\/categories?post=87662"},{"taxonomy":"post_tag","embeddable":true,"href":"https:\/\/www.redenoticia.com.br\/noticia\/wp-json\/wp\/v2\/tags?post=87662"}],"curies":[{"name":"wp","href":"https:\/\/api.w.org\/{rel}","templated":true}]}}