{"id":87660,"date":"2016-06-07T10:10:40","date_gmt":"2016-06-07T13:10:40","guid":{"rendered":"http:\/\/www.redenoticia.com.br\/noticia\/?p=87660"},"modified":"2016-06-06T18:11:43","modified_gmt":"2016-06-06T21:11:43","slug":"pedidos-de-recuperacao-judicial-crescem-95-diz-pesquisa","status":"publish","type":"post","link":"https:\/\/www.redenoticia.com.br\/noticia\/2016\/pedidos-de-recuperacao-judicial-crescem-95-diz-pesquisa\/87660","title":{"rendered":"Pedidos de recupera\u00e7\u00e3o judicial crescem 95%, diz pesquisa"},"content":{"rendered":"<p> De janeiro a maio deste ano houve 755 solicita\u00e7\u00f5es de <strong><em>recupera\u00e7\u00e3o judicial<\/em><\/strong>, total 95% maior do que o registrado em igual per\u00edodo do ano passado (387), segundo a pesquisa do Indicador Serasa Experian de Fal\u00eancias e Recupera\u00e7\u00f5es. O volume \u00e9 o mais elevado para o per\u00edodo desde 2006, ap\u00f3s a entrada em vigor da Nova Lei de Fal\u00eancias, em junho de 2005.<\/p>\n<p>A grande maioria dos pedidos (433) refere-se a micro e pequenas empresas, vindo, depois, empresas de m\u00e9dio porte (198) e grandes empresas (124).<\/p>\n<p>Na compara\u00e7\u00e3o com abril, os requerimentos de recupera\u00e7\u00e3o judicial acusaram aumento de 13,6%, ao passar de 162 para 184 pedidos. Em rela\u00e7\u00e3o a maio do ano passado, houve alta de 87,8% (de 98 para 184). O maior volume foi de micro e pequenas empresas, com 106 requerimentos, seguidos pelas m\u00e9dias empresas, com 49, e as grandes com 29.<\/p>\n<p>Para os economistas da Serasa Experian, esse avan\u00e7o se deve ao \u201catual quadro recessivo, que j\u00e1 vem se arrastando por dois anos\u201d. Eles lembram que \u201cas dificuldades na obten\u00e7\u00e3o de cr\u00e9dito t\u00eam prejudicado a solv\u00eancia financeira das empresas, levando os pedidos de recupera\u00e7\u00e3o judicial a recordes hist\u00f3ricos recorrentes\u201d.<\/p>\n<p>Fal\u00eancias<\/p>\n<p>No acumulado de janeiro a maio, os pedidos de fal\u00eancia aumentaram 5,5%, totalizando 674 processos. Os requerimentos em torno das micro e pequenas empresas  somaram 341 ; os de m\u00e9dias empresas, 174 , e grandes empresas, 159.<\/p>\n<p>Em maio sobre abril, o movimento foi 14,4% superior com 151 requerimentos e, na compara\u00e7\u00e3o com maio do ano passado, foi verificada alta de 11%. Os pedidos referentes a micro e pequenas empresas atingiram 70 a\u00e7\u00f5es; das m\u00e9dias (44) e das grandes (37).<\/p>\n<p>Marli Moreira &#8211; Rep\u00f3rter da Ag\u00eancia Brasil<br \/>\nEdi\u00e7\u00e3o: Kleber Sampaio<br \/>\n07\/06\/2016<\/p>\n","protected":false},"excerpt":{"rendered":"<p>De janeiro a maio deste ano houve 755 solicita\u00e7\u00f5es de recupera\u00e7\u00e3o judicial, total 95% maior do que o registrado em igual per\u00edodo do ano passado (387), segundo a pesquisa do Indicador Serasa Experian de Fal\u00eancias e Recupera\u00e7\u00f5es. O volume \u00e9 o mais elevado para o per\u00edodo desde 2006, ap\u00f3s a entrada em vigor da Nova [&hellip;]<\/p>\n","protected":false},"author":2,"featured_media":57585,"comment_status":"open","ping_status":"closed","sticky":false,"template":"","format":"standard","meta":{"_genesis_hide_title":false,"_genesis_hide_breadcrumbs":false,"_genesis_hide_singular_image":false,"_genesis_hide_footer_widgets":false,"_genesis_custom_body_class":"","_genesis_custom_post_class":"","_genesis_layout":"","_jetpack_memberships_contains_paid_content":false,"footnotes":""},"categories":[22,7],"tags":[],"class_list":{"0":"post-87660","1":"post","2":"type-post","3":"status-publish","4":"format-standard","5":"has-post-thumbnail","7":"category-brasil","8":"category-economia","9":"entry","10":"gs-1","11":"gs-odd","12":"gs-even","13":"gs-featured-content-entry"},"jetpack_featured_media_url":"https:\/\/www.redenoticia.com.br\/noticia\/imagens\/analise-economia.jpg","jetpack_sharing_enabled":true,"jetpack_likes_enabled":true,"_links":{"self":[{"href":"https:\/\/www.redenoticia.com.br\/noticia\/wp-json\/wp\/v2\/posts\/87660","targetHints":{"allow":["GET"]}}],"collection":[{"href":"https:\/\/www.redenoticia.com.br\/noticia\/wp-json\/wp\/v2\/posts"}],"about":[{"href":"https:\/\/www.redenoticia.com.br\/noticia\/wp-json\/wp\/v2\/types\/post"}],"author":[{"embeddable":true,"href":"https:\/\/www.redenoticia.com.br\/noticia\/wp-json\/wp\/v2\/users\/2"}],"replies":[{"embeddable":true,"href":"https:\/\/www.redenoticia.com.br\/noticia\/wp-json\/wp\/v2\/comments?post=87660"}],"version-history":[{"count":0,"href":"https:\/\/www.redenoticia.com.br\/noticia\/wp-json\/wp\/v2\/posts\/87660\/revisions"}],"wp:featuredmedia":[{"embeddable":true,"href":"https:\/\/www.redenoticia.com.br\/noticia\/wp-json\/wp\/v2\/media\/57585"}],"wp:attachment":[{"href":"https:\/\/www.redenoticia.com.br\/noticia\/wp-json\/wp\/v2\/media?parent=87660"}],"wp:term":[{"taxonomy":"category","embeddable":true,"href":"https:\/\/www.redenoticia.com.br\/noticia\/wp-json\/wp\/v2\/categories?post=87660"},{"taxonomy":"post_tag","embeddable":true,"href":"https:\/\/www.redenoticia.com.br\/noticia\/wp-json\/wp\/v2\/tags?post=87660"}],"curies":[{"name":"wp","href":"https:\/\/api.w.org\/{rel}","templated":true}]}}