{"id":87658,"date":"2016-06-07T10:09:38","date_gmt":"2016-06-07T13:09:38","guid":{"rendered":"http:\/\/www.redenoticia.com.br\/noticia\/?p=87658"},"modified":"2016-06-06T18:10:35","modified_gmt":"2016-06-06T21:10:35","slug":"mercado-diz-que-inflacao-deve-encerrar-o-ano-em-712","status":"publish","type":"post","link":"https:\/\/www.redenoticia.com.br\/noticia\/2016\/mercado-diz-que-inflacao-deve-encerrar-o-ano-em-712\/87658","title":{"rendered":"Mercado diz que infla\u00e7\u00e3o deve encerrar o ano em 7,12%"},"content":{"rendered":"<p> A proje\u00e7\u00e3o de institui\u00e7\u00f5es financeiras para a <strong><em>infla\u00e7\u00e3o<\/em><\/strong> este ano, medida pelo \u00cdndice Nacional de Pre\u00e7os ao Consumidor Amplo (IPCA), foi ajustada de 7,06% para 7,12%. Para 2017, a proje\u00e7\u00e3o se manteve em 5,5%. Os c\u00e1lculos fazem parte de pesquisa feita todas as semanas pelo Banco Central (BC), que edital o boletim Focus.<\/p>\n<p>As estimativas est\u00e3o acima do centro da meta de infla\u00e7\u00e3o, de 4,5%. O limite superior da meta inflacion\u00e1ria \u00e9 de 6,5% este ano e 6% em 2017. \u00c9 fun\u00e7\u00e3o do Banco Central fazer com que a infla\u00e7\u00e3o fique dentro da meta. Um dos instrumentos usados para influenciar a atividade econ\u00f4mica e, consequentemente, a infla\u00e7\u00e3o, \u00e9 a taxa b\u00e1sica de juros, a Selic.<\/p>\n<p>Quando o Comit\u00ea de Pol\u00edtica Monet\u00e1ria do Banco Central (Copom) aumenta a Selic, a meta \u00e9 conter a demanda aquecida e isso gera reflexos nos pre\u00e7os, porque os juros mais altos encarecem o cr\u00e9dito e estimulam a poupan\u00e7a.<\/p>\n<p>Equil\u00edbrio<\/p>\n<p>Quando o Copom reduz os juros b\u00e1sicos, a tend\u00eancia \u00e9 que o cr\u00e9dito fique mais barato, com incentivo \u00e0 produ\u00e7\u00e3o e ao consumo, mas a medida alivia o controle sobre a infla\u00e7\u00e3o. O BC tem que encontrar equil\u00edbrio ao tomar decis\u00f5es sobre a taxa b\u00e1sica de juros, de modo a fazer com que a infla\u00e7\u00e3o fique dentro da meta estabelecida pelo Conselho Monet\u00e1rio Nacional.<\/p>\n<p>A proje\u00e7\u00e3o das institui\u00e7\u00f5es financeiras para a Selic, ao final de 2016, est\u00e1 em 12,88% ao ano. Para o fim de 2017, a expectativa \u00e9 de 11,25% ao ano. Atualmente, a Selic est\u00e1 em 14,25% ao ano e o Copom anuncia a tend\u00eancia para os juros esta semana.<\/p>\n<p>A estimativa de institui\u00e7\u00f5es financeiras para o encolhimento da economia este ano foi levemente ajustada. A proje\u00e7\u00e3o para a queda do Produto Interno Bruto (PIB), soma de todos os bens e servi\u00e7os produzidos no pa\u00eds, foi alterada de 3,81% para 3,71%. Para 2017, a estimativa de crescimento passou de 0,55% para 0,85%.<\/p>\n<p>Daniel Lima &#8211; Rep\u00f3rter da Ag\u00eancia Brasil<br \/>\nEdi\u00e7\u00e3o: Kleber Sampaio<br \/>\n07\/06\/2016<\/p>\n","protected":false},"excerpt":{"rendered":"<p>A proje\u00e7\u00e3o de institui\u00e7\u00f5es financeiras para a infla\u00e7\u00e3o este ano, medida pelo \u00cdndice Nacional de Pre\u00e7os ao Consumidor Amplo (IPCA), foi ajustada de 7,06% para 7,12%. Para 2017, a proje\u00e7\u00e3o se manteve em 5,5%. Os c\u00e1lculos fazem parte de pesquisa feita todas as semanas pelo Banco Central (BC), que edital o boletim Focus. As estimativas [&hellip;]<\/p>\n","protected":false},"author":2,"featured_media":57584,"comment_status":"open","ping_status":"closed","sticky":false,"template":"","format":"standard","meta":{"_genesis_hide_title":false,"_genesis_hide_breadcrumbs":false,"_genesis_hide_singular_image":false,"_genesis_hide_footer_widgets":false,"_genesis_custom_body_class":"","_genesis_custom_post_class":"","_genesis_layout":"","_jetpack_memberships_contains_paid_content":false,"footnotes":""},"categories":[22,7],"tags":[],"class_list":{"0":"post-87658","1":"post","2":"type-post","3":"status-publish","4":"format-standard","5":"has-post-thumbnail","7":"category-brasil","8":"category-economia","9":"entry","10":"gs-1","11":"gs-odd","12":"gs-even","13":"gs-featured-content-entry"},"jetpack_featured_media_url":"https:\/\/www.redenoticia.com.br\/noticia\/imagens\/economia-grafica-analise-inflacao.jpg","jetpack_sharing_enabled":true,"jetpack_likes_enabled":true,"_links":{"self":[{"href":"https:\/\/www.redenoticia.com.br\/noticia\/wp-json\/wp\/v2\/posts\/87658","targetHints":{"allow":["GET"]}}],"collection":[{"href":"https:\/\/www.redenoticia.com.br\/noticia\/wp-json\/wp\/v2\/posts"}],"about":[{"href":"https:\/\/www.redenoticia.com.br\/noticia\/wp-json\/wp\/v2\/types\/post"}],"author":[{"embeddable":true,"href":"https:\/\/www.redenoticia.com.br\/noticia\/wp-json\/wp\/v2\/users\/2"}],"replies":[{"embeddable":true,"href":"https:\/\/www.redenoticia.com.br\/noticia\/wp-json\/wp\/v2\/comments?post=87658"}],"version-history":[{"count":0,"href":"https:\/\/www.redenoticia.com.br\/noticia\/wp-json\/wp\/v2\/posts\/87658\/revisions"}],"wp:featuredmedia":[{"embeddable":true,"href":"https:\/\/www.redenoticia.com.br\/noticia\/wp-json\/wp\/v2\/media\/57584"}],"wp:attachment":[{"href":"https:\/\/www.redenoticia.com.br\/noticia\/wp-json\/wp\/v2\/media?parent=87658"}],"wp:term":[{"taxonomy":"category","embeddable":true,"href":"https:\/\/www.redenoticia.com.br\/noticia\/wp-json\/wp\/v2\/categories?post=87658"},{"taxonomy":"post_tag","embeddable":true,"href":"https:\/\/www.redenoticia.com.br\/noticia\/wp-json\/wp\/v2\/tags?post=87658"}],"curies":[{"name":"wp","href":"https:\/\/api.w.org\/{rel}","templated":true}]}}