{"id":87656,"date":"2016-06-07T10:08:41","date_gmt":"2016-06-07T13:08:41","guid":{"rendered":"http:\/\/www.redenoticia.com.br\/noticia\/?p=87656"},"modified":"2016-06-06T18:09:32","modified_gmt":"2016-06-06T21:09:32","slug":"inflacao-sobe-mais-para-consumidores-que-ganham-ate-25-salarios","status":"publish","type":"post","link":"https:\/\/www.redenoticia.com.br\/noticia\/2016\/inflacao-sobe-mais-para-consumidores-que-ganham-ate-25-salarios\/87656","title":{"rendered":"Infla\u00e7\u00e3o sobe mais para consumidores que ganham at\u00e9 2,5 sal\u00e1rios"},"content":{"rendered":"<p> A <strong><em>infla\u00e7\u00e3o<\/em><\/strong> de maio, medida pelo \u00cdndice de Pre\u00e7os ao Consumidor (IPC), do Instituto Brasileiro de Economia, da Funda\u00e7\u00e3o Getulio Vargas (FGV), subiu mais para as fam\u00edlias com menor renda: at\u00e9 2,5 sal\u00e1rios m\u00ednimos.<\/p>\n<p>Dados divulgados pela FGV indicam que os pre\u00e7os dos grupos Habita\u00e7\u00e3o, Despesas Diversas e Comunica\u00e7\u00e3o dispararam e o \u00cdndice de Pre\u00e7os ao Consumidor \u2013 Classe 1 (IPC-C1) fechou maio com alta de 0,84%.<\/p>\n<p>O resultado, que apura a alta de pre\u00e7os junto \u00e0s fam\u00edlias de menor renda, chegou a ser 0,15 ponto percentual superior a do m\u00eas de abril (0,69%) e 0,2 ponto percentual superior ao IPC-BR (que abrange a totalidade das fam\u00edlias) que encerrou maio em 0,64%.<\/p>\n<p>Enquanto o indicador para as fam\u00edlias de menor renda acusou, nos \u00faltimos doze meses, alta acumulada de 9,82%, o que mede a varia\u00e7\u00e3o de pre\u00e7os para a totalidade das fam\u00edlias variou nos \u00faltimos doze meses 9,15% &#8211; n\u00famero 0,67 ponto percentual menor. No ano, o IPC-C1 apresentou varia\u00e7\u00e3o acumulada de 4,69%.<\/p>\n<p>Mais n\u00fameros<\/p>\n<p>Segundo a FGV, a alta de 0,84% do IPC-C1 em maio reflete eleva\u00e7\u00e3o de pre\u00e7os em tr\u00eas das oito classes de despesa componentes do \u00edndice, com destaque para Habita\u00e7\u00e3o (que passou de uma defla\u00e7\u00e3o de 0,46% para uma alta de 1,18%); Despesas Diversas (de 0,29% para 4,31%); e Comunica\u00e7\u00e3o (0,04% para 0,22%).<\/p>\n<p>Em contrapartida, os grupos Transportes (1,12% para -0,40%), Sa\u00fade e Cuidados Pessoais (3,49% para 1,71%), Alimenta\u00e7\u00e3o (0,62% para 0,53%), Vestu\u00e1rio (0,82% para 0,48%) e Educa\u00e7\u00e3o, Leitura e Recrea\u00e7\u00e3o (0,52% para 0,16%) apresentaram desacelera\u00e7\u00e3o em suas taxas de varia\u00e7\u00e3o em rela\u00e7\u00e3o a abril.<\/p>\n<p>Nielmar de Oliveira &#8211; Rep\u00f3rter da Ag\u00eancia Brasil<br \/>\nEdi\u00e7\u00e3o: Kleber Sampaio<br \/>\n07\/06\/2016<\/p>\n","protected":false},"excerpt":{"rendered":"<p>A infla\u00e7\u00e3o de maio, medida pelo \u00cdndice de Pre\u00e7os ao Consumidor (IPC), do Instituto Brasileiro de Economia, da Funda\u00e7\u00e3o Getulio Vargas (FGV), subiu mais para as fam\u00edlias com menor renda: at\u00e9 2,5 sal\u00e1rios m\u00ednimos. Dados divulgados pela FGV indicam que os pre\u00e7os dos grupos Habita\u00e7\u00e3o, Despesas Diversas e Comunica\u00e7\u00e3o dispararam e o \u00cdndice de Pre\u00e7os [&hellip;]<\/p>\n","protected":false},"author":2,"featured_media":34916,"comment_status":"open","ping_status":"closed","sticky":false,"template":"","format":"standard","meta":{"_genesis_hide_title":false,"_genesis_hide_breadcrumbs":false,"_genesis_hide_singular_image":false,"_genesis_hide_footer_widgets":false,"_genesis_custom_body_class":"","_genesis_custom_post_class":"","_genesis_layout":"","_jetpack_memberships_contains_paid_content":false,"footnotes":""},"categories":[22,7],"tags":[],"class_list":{"0":"post-87656","1":"post","2":"type-post","3":"status-publish","4":"format-standard","5":"has-post-thumbnail","7":"category-brasil","8":"category-economia","9":"entry","10":"gs-1","11":"gs-odd","12":"gs-even","13":"gs-featured-content-entry"},"jetpack_featured_media_url":"https:\/\/www.redenoticia.com.br\/noticia\/imagens\/inflacao.jpg","jetpack_sharing_enabled":true,"jetpack_likes_enabled":true,"_links":{"self":[{"href":"https:\/\/www.redenoticia.com.br\/noticia\/wp-json\/wp\/v2\/posts\/87656","targetHints":{"allow":["GET"]}}],"collection":[{"href":"https:\/\/www.redenoticia.com.br\/noticia\/wp-json\/wp\/v2\/posts"}],"about":[{"href":"https:\/\/www.redenoticia.com.br\/noticia\/wp-json\/wp\/v2\/types\/post"}],"author":[{"embeddable":true,"href":"https:\/\/www.redenoticia.com.br\/noticia\/wp-json\/wp\/v2\/users\/2"}],"replies":[{"embeddable":true,"href":"https:\/\/www.redenoticia.com.br\/noticia\/wp-json\/wp\/v2\/comments?post=87656"}],"version-history":[{"count":0,"href":"https:\/\/www.redenoticia.com.br\/noticia\/wp-json\/wp\/v2\/posts\/87656\/revisions"}],"wp:featuredmedia":[{"embeddable":true,"href":"https:\/\/www.redenoticia.com.br\/noticia\/wp-json\/wp\/v2\/media\/34916"}],"wp:attachment":[{"href":"https:\/\/www.redenoticia.com.br\/noticia\/wp-json\/wp\/v2\/media?parent=87656"}],"wp:term":[{"taxonomy":"category","embeddable":true,"href":"https:\/\/www.redenoticia.com.br\/noticia\/wp-json\/wp\/v2\/categories?post=87656"},{"taxonomy":"post_tag","embeddable":true,"href":"https:\/\/www.redenoticia.com.br\/noticia\/wp-json\/wp\/v2\/tags?post=87656"}],"curies":[{"name":"wp","href":"https:\/\/api.w.org\/{rel}","templated":true}]}}