{"id":87654,"date":"2016-06-07T10:07:37","date_gmt":"2016-06-07T13:07:37","guid":{"rendered":"http:\/\/www.redenoticia.com.br\/noticia\/?p=87654"},"modified":"2016-06-06T18:08:35","modified_gmt":"2016-06-06T21:08:35","slug":"procon-sp-da-dicas-para-as-compras-do-dia-dos-namorados","status":"publish","type":"post","link":"https:\/\/www.redenoticia.com.br\/noticia\/2016\/procon-sp-da-dicas-para-as-compras-do-dia-dos-namorados\/87654","title":{"rendered":"Procon-SP d\u00e1 dicas para as compras do Dia dos Namorados"},"content":{"rendered":"<p> O <strong><em>Dia dos Namorados<\/em><\/strong> est\u00e1 chegando e o Procon-SP orienta sobre os seus direitos na hora de comprar o presente da pessoa amada. Confira algumas sugest\u00f5es:<\/p>\n<p> 1- Pesquise os pre\u00e7os dos produtos e dos servi\u00e7os que pretende adquirir e considere sempre a possibilidade de pagar \u00e0 vista, j\u00e1 que muitas lojas oferecem bons descontos;<\/p>\n<p> 2- Pense bem antes de optar por uma compra a prazo, pois as parcelas n\u00e3o devem comprometer seu or\u00e7amento. Compare o pre\u00e7o \u00e0 vista com o valor total financiado;<\/p>\n<p> 3- No caso de optar por parcelar a compra pelo cart\u00e3o de cr\u00e9dito, verifique a taxa de juros estabelecida no contrato e encargos (em caso de atraso);<\/p>\n<p> 4- Se o pagamento da compra parcelada for por meio de carn\u00ea ou boleto banc\u00e1rio e estes n\u00e3o chegarem at\u00e9 a data de vencimento da parcela, dirija-se \u00e0 loja e efetue o pagamento mediante recibo. O n\u00e3o recebimento do carn\u00ea ou boleto n\u00e3o isenta o consumidor do pagamento da parcela no vencimento.<\/p>\n<p> Do Portal do Governo do Estado SP<\/p>\n","protected":false},"excerpt":{"rendered":"<p>O Dia dos Namorados est\u00e1 chegando e o Procon-SP orienta sobre os seus direitos na hora de comprar o presente da pessoa amada. Confira algumas sugest\u00f5es: 1- Pesquise os pre\u00e7os dos produtos e dos servi\u00e7os que pretende adquirir e considere sempre a possibilidade de pagar \u00e0 vista, j\u00e1 que muitas lojas oferecem bons descontos; 2- [&hellip;]<\/p>\n","protected":false},"author":2,"featured_media":34966,"comment_status":"open","ping_status":"closed","sticky":false,"template":"","format":"standard","meta":{"_genesis_hide_title":false,"_genesis_hide_breadcrumbs":false,"_genesis_hide_singular_image":false,"_genesis_hide_footer_widgets":false,"_genesis_custom_body_class":"","_genesis_custom_post_class":"","_genesis_layout":"","_jetpack_memberships_contains_paid_content":false,"footnotes":""},"categories":[22,7],"tags":[],"class_list":{"0":"post-87654","1":"post","2":"type-post","3":"status-publish","4":"format-standard","5":"has-post-thumbnail","7":"category-brasil","8":"category-economia","9":"entry","10":"gs-1","11":"gs-odd","12":"gs-even","13":"gs-featured-content-entry"},"jetpack_featured_media_url":"https:\/\/www.redenoticia.com.br\/noticia\/imagens\/fim-da-sacola-plastica.jpg","jetpack_sharing_enabled":true,"jetpack_likes_enabled":true,"_links":{"self":[{"href":"https:\/\/www.redenoticia.com.br\/noticia\/wp-json\/wp\/v2\/posts\/87654","targetHints":{"allow":["GET"]}}],"collection":[{"href":"https:\/\/www.redenoticia.com.br\/noticia\/wp-json\/wp\/v2\/posts"}],"about":[{"href":"https:\/\/www.redenoticia.com.br\/noticia\/wp-json\/wp\/v2\/types\/post"}],"author":[{"embeddable":true,"href":"https:\/\/www.redenoticia.com.br\/noticia\/wp-json\/wp\/v2\/users\/2"}],"replies":[{"embeddable":true,"href":"https:\/\/www.redenoticia.com.br\/noticia\/wp-json\/wp\/v2\/comments?post=87654"}],"version-history":[{"count":0,"href":"https:\/\/www.redenoticia.com.br\/noticia\/wp-json\/wp\/v2\/posts\/87654\/revisions"}],"wp:featuredmedia":[{"embeddable":true,"href":"https:\/\/www.redenoticia.com.br\/noticia\/wp-json\/wp\/v2\/media\/34966"}],"wp:attachment":[{"href":"https:\/\/www.redenoticia.com.br\/noticia\/wp-json\/wp\/v2\/media?parent=87654"}],"wp:term":[{"taxonomy":"category","embeddable":true,"href":"https:\/\/www.redenoticia.com.br\/noticia\/wp-json\/wp\/v2\/categories?post=87654"},{"taxonomy":"post_tag","embeddable":true,"href":"https:\/\/www.redenoticia.com.br\/noticia\/wp-json\/wp\/v2\/tags?post=87654"}],"curies":[{"name":"wp","href":"https:\/\/api.w.org\/{rel}","templated":true}]}}