{"id":87562,"date":"2016-06-06T10:12:13","date_gmt":"2016-06-06T13:12:13","guid":{"rendered":"http:\/\/www.redenoticia.com.br\/noticia\/?p=87562"},"modified":"2016-06-03T19:12:57","modified_gmt":"2016-06-03T22:12:57","slug":"coi-anuncia-nomes-dos-dez-refugiados-que-vao-disputar-a-olimpiada","status":"publish","type":"post","link":"https:\/\/www.redenoticia.com.br\/noticia\/2016\/coi-anuncia-nomes-dos-dez-refugiados-que-vao-disputar-a-olimpiada\/87562","title":{"rendered":"COI anuncia nomes dos dez refugiados que v\u00e3o disputar a Olimp\u00edada"},"content":{"rendered":"<p> O Comit\u00ea Ol\u00edmpico Internacional divulgou a lista dos dez atletas que formar\u00e3o a delega\u00e7\u00e3o de refugiados na <strong><em>Olimp\u00edada<\/em><\/strong> de 2016. A delega\u00e7\u00e3o \u00e9 uma novidade desta edi\u00e7\u00e3o dos jogos e contar\u00e1 com os judocas congoleses Yolande Bukasa Mabika e Popole Misenga, que treinam desde o ano passado no Rio de Janeiro.<\/p>\n<p>A delega\u00e7\u00e3o ter\u00e1 um papel de destaque na abertura dos jogos e desfilar\u00e1 antes do Time Brasil, que tradicionalmente seria o primeiro por ser o anfitri\u00e3o. Os refugiados ainda carregar\u00e3o a bandeira ol\u00edmpica.<\/p>\n<p>Em comunicado divulgado, o presidente do COI, Thomas Bach, afirmou que a participa\u00e7\u00e3o dos refugiados deve estimular a esperan\u00e7a e a inclus\u00e3o. &#8220;\u00c9 tamb\u00e9m um sinal para a comunidade internacional de que os refugiados s\u00e3o nossos companheiros&#8221;, disse.<\/p>\n<p>A maior parte dos refugiados escolhidos \u00e9 do atletismo, com Yiech Pur Biel (Sud\u00e3o do Sul), James Nyang Chiengjiek (Sud\u00e3o do Sul), Yonas Kinde (Eti\u00f3pia), Anjelina Nada Lohalith (Sud\u00e3o do Sul), Rose Nathike Lokonyen (Sud\u00e3o do Sul) e Paulo Amotun Lokoro (Sud\u00e3o do Sul).<\/p>\n<p>Os cinco atletas do Sud\u00e3o do Sul mant\u00eam o treino no Qu\u00eania, enquanto o et\u00edope Yonas Kinde se prepara em Luxemburgo.<\/p>\n<p>Os refugiados da S\u00edria Rami Anis e Yusra Mardini v\u00e3o competir pela nata\u00e7\u00e3o. Rami treina na B\u00e9lgica e Yusra, na Alemanha.<\/p>\n<p>Vin\u00edcius Lisboa &#8211; rep\u00f3rter da Ag\u00eancia Brasil<br \/>\nEdi\u00e7\u00e3o: Maria Claudia<br \/>\n06\/06\/2016<\/p>\n","protected":false},"excerpt":{"rendered":"<p>O Comit\u00ea Ol\u00edmpico Internacional divulgou a lista dos dez atletas que formar\u00e3o a delega\u00e7\u00e3o de refugiados na Olimp\u00edada de 2016. A delega\u00e7\u00e3o \u00e9 uma novidade desta edi\u00e7\u00e3o dos jogos e contar\u00e1 com os judocas congoleses Yolande Bukasa Mabika e Popole Misenga, que treinam desde o ano passado no Rio de Janeiro. A delega\u00e7\u00e3o ter\u00e1 um [&hellip;]<\/p>\n","protected":false},"author":2,"featured_media":39880,"comment_status":"open","ping_status":"closed","sticky":false,"template":"","format":"standard","meta":{"_genesis_hide_title":false,"_genesis_hide_breadcrumbs":false,"_genesis_hide_singular_image":false,"_genesis_hide_footer_widgets":false,"_genesis_custom_body_class":"","_genesis_custom_post_class":"","_genesis_layout":"","_jetpack_memberships_contains_paid_content":false,"footnotes":""},"categories":[22],"tags":[],"class_list":{"0":"post-87562","1":"post","2":"type-post","3":"status-publish","4":"format-standard","5":"has-post-thumbnail","7":"category-brasil","8":"entry","9":"gs-1","10":"gs-odd","11":"gs-even","12":"gs-featured-content-entry"},"jetpack_featured_media_url":"https:\/\/www.redenoticia.com.br\/noticia\/imagens\/olimpiadas.jpg","jetpack_sharing_enabled":true,"jetpack_likes_enabled":true,"_links":{"self":[{"href":"https:\/\/www.redenoticia.com.br\/noticia\/wp-json\/wp\/v2\/posts\/87562","targetHints":{"allow":["GET"]}}],"collection":[{"href":"https:\/\/www.redenoticia.com.br\/noticia\/wp-json\/wp\/v2\/posts"}],"about":[{"href":"https:\/\/www.redenoticia.com.br\/noticia\/wp-json\/wp\/v2\/types\/post"}],"author":[{"embeddable":true,"href":"https:\/\/www.redenoticia.com.br\/noticia\/wp-json\/wp\/v2\/users\/2"}],"replies":[{"embeddable":true,"href":"https:\/\/www.redenoticia.com.br\/noticia\/wp-json\/wp\/v2\/comments?post=87562"}],"version-history":[{"count":0,"href":"https:\/\/www.redenoticia.com.br\/noticia\/wp-json\/wp\/v2\/posts\/87562\/revisions"}],"wp:featuredmedia":[{"embeddable":true,"href":"https:\/\/www.redenoticia.com.br\/noticia\/wp-json\/wp\/v2\/media\/39880"}],"wp:attachment":[{"href":"https:\/\/www.redenoticia.com.br\/noticia\/wp-json\/wp\/v2\/media?parent=87562"}],"wp:term":[{"taxonomy":"category","embeddable":true,"href":"https:\/\/www.redenoticia.com.br\/noticia\/wp-json\/wp\/v2\/categories?post=87562"},{"taxonomy":"post_tag","embeddable":true,"href":"https:\/\/www.redenoticia.com.br\/noticia\/wp-json\/wp\/v2\/tags?post=87562"}],"curies":[{"name":"wp","href":"https:\/\/api.w.org\/{rel}","templated":true}]}}