{"id":87558,"date":"2016-06-06T10:10:22","date_gmt":"2016-06-06T13:10:22","guid":{"rendered":"http:\/\/www.redenoticia.com.br\/noticia\/?p=87558"},"modified":"2016-06-03T19:11:13","modified_gmt":"2016-06-03T22:11:13","slug":"inflacao-em-sao-paulo-sobe-057-em-maio","status":"publish","type":"post","link":"https:\/\/www.redenoticia.com.br\/noticia\/2016\/inflacao-em-sao-paulo-sobe-057-em-maio\/87558","title":{"rendered":"Infla\u00e7\u00e3o em S\u00e3o Paulo sobe 0,57% em maio"},"content":{"rendered":"<p> O <strong><em>\u00cdndice de Pre\u00e7os ao Consumidor<\/em><\/strong> (IPC), medido pela Funda\u00e7\u00e3o Instituto de Pesquisas Econ\u00f4micas (Fipe), na cidade de S\u00e3o Paulo, fechou o m\u00eas de maio com alta de 0,57%, varia\u00e7\u00e3o acima da registrada em abril (0,46%). No acumulado do ano, a taxa apresenta varia\u00e7\u00e3o de 4,33% e, nos \u00faltimos 12 meses, de 9,98%.<\/p>\n<p>Dos sete grupos pesquisados, o que mais influenciou a eleva\u00e7\u00e3o foi o de despesas pessoais, que passou de uma alta de 0,48% para 1,3%. Tamb\u00e9m ganhou for\u00e7a o aumento em habita\u00e7\u00e3o (de 0,09% para 0,51%). Em educa\u00e7\u00e3o, a taxa subiu de 0,09% para 0,19%.<\/p>\n<p>J\u00e1 os alimentos, que sempre t\u00eam impacto sobre o or\u00e7amento dom\u00e9stico, apresentaram ligeiro decr\u00e9scimo com varia\u00e7\u00e3o de 0,68% ante uma alta de 0,73%, no m\u00eas anterior. Em sa\u00fade, a taxa desacelerou com varia\u00e7\u00e3o de 1,53% ante 2,32% .O mesmo ocorreu no grupo vestu\u00e1rio (de 0,94% para 0,86%) e, em transportes, ocorreu queda mais acentuada (de -0,11% para -0,61%).<\/p>\n<p>Marli Moreira &#8211; Rep\u00f3rter da Ag\u00eancia Brasil<br \/>\nEdi\u00e7\u00e3o: Kleber Sampaio<br \/>\n06\/06\/2016<\/p>\n","protected":false},"excerpt":{"rendered":"<p>O \u00cdndice de Pre\u00e7os ao Consumidor (IPC), medido pela Funda\u00e7\u00e3o Instituto de Pesquisas Econ\u00f4micas (Fipe), na cidade de S\u00e3o Paulo, fechou o m\u00eas de maio com alta de 0,57%, varia\u00e7\u00e3o acima da registrada em abril (0,46%). No acumulado do ano, a taxa apresenta varia\u00e7\u00e3o de 4,33% e, nos \u00faltimos 12 meses, de 9,98%. Dos sete [&hellip;]<\/p>\n","protected":false},"author":2,"featured_media":34916,"comment_status":"open","ping_status":"closed","sticky":false,"template":"","format":"standard","meta":{"_genesis_hide_title":false,"_genesis_hide_breadcrumbs":false,"_genesis_hide_singular_image":false,"_genesis_hide_footer_widgets":false,"_genesis_custom_body_class":"","_genesis_custom_post_class":"","_genesis_layout":"","_jetpack_memberships_contains_paid_content":false,"footnotes":""},"categories":[22,7],"tags":[],"class_list":{"0":"post-87558","1":"post","2":"type-post","3":"status-publish","4":"format-standard","5":"has-post-thumbnail","7":"category-brasil","8":"category-economia","9":"entry","10":"gs-1","11":"gs-odd","12":"gs-even","13":"gs-featured-content-entry"},"jetpack_featured_media_url":"https:\/\/www.redenoticia.com.br\/noticia\/imagens\/inflacao.jpg","jetpack_sharing_enabled":true,"jetpack_likes_enabled":true,"_links":{"self":[{"href":"https:\/\/www.redenoticia.com.br\/noticia\/wp-json\/wp\/v2\/posts\/87558","targetHints":{"allow":["GET"]}}],"collection":[{"href":"https:\/\/www.redenoticia.com.br\/noticia\/wp-json\/wp\/v2\/posts"}],"about":[{"href":"https:\/\/www.redenoticia.com.br\/noticia\/wp-json\/wp\/v2\/types\/post"}],"author":[{"embeddable":true,"href":"https:\/\/www.redenoticia.com.br\/noticia\/wp-json\/wp\/v2\/users\/2"}],"replies":[{"embeddable":true,"href":"https:\/\/www.redenoticia.com.br\/noticia\/wp-json\/wp\/v2\/comments?post=87558"}],"version-history":[{"count":0,"href":"https:\/\/www.redenoticia.com.br\/noticia\/wp-json\/wp\/v2\/posts\/87558\/revisions"}],"wp:featuredmedia":[{"embeddable":true,"href":"https:\/\/www.redenoticia.com.br\/noticia\/wp-json\/wp\/v2\/media\/34916"}],"wp:attachment":[{"href":"https:\/\/www.redenoticia.com.br\/noticia\/wp-json\/wp\/v2\/media?parent=87558"}],"wp:term":[{"taxonomy":"category","embeddable":true,"href":"https:\/\/www.redenoticia.com.br\/noticia\/wp-json\/wp\/v2\/categories?post=87558"},{"taxonomy":"post_tag","embeddable":true,"href":"https:\/\/www.redenoticia.com.br\/noticia\/wp-json\/wp\/v2\/tags?post=87558"}],"curies":[{"name":"wp","href":"https:\/\/api.w.org\/{rel}","templated":true}]}}