{"id":87556,"date":"2016-06-06T10:09:23","date_gmt":"2016-06-06T13:09:23","guid":{"rendered":"http:\/\/www.redenoticia.com.br\/noticia\/?p=87556"},"modified":"2016-06-03T19:10:17","modified_gmt":"2016-06-03T22:10:17","slug":"governo-lanca-edital-para-selecionar-pesquisas-sobre-o-zika-virus","status":"publish","type":"post","link":"https:\/\/www.redenoticia.com.br\/noticia\/2016\/governo-lanca-edital-para-selecionar-pesquisas-sobre-o-zika-virus\/87556","title":{"rendered":"Governo lan\u00e7a edital para selecionar pesquisas sobre o zika v\u00edrus"},"content":{"rendered":"<p> O governo federal lan\u00e7ou edital que prev\u00ea recursos de R$ 65 milh\u00f5es para pesquisas que contribuam na preven\u00e7\u00e3o, diagn\u00f3stico e tratamento de infec\u00e7\u00f5es causadas pelo <strong><em>zika<\/em><\/strong> v\u00edrus e doen\u00e7as correlacionadas.<\/p>\n<p>O chamamento \u00e9 uma articula\u00e7\u00e3o entre os minist\u00e9rios da Ci\u00eancia, Tecnologia e Inova\u00e7\u00f5es e Comunica\u00e7\u00e3o (MCTIC); Sa\u00fade e Educa\u00e7\u00e3o. Do montante total, R$ 20 milh\u00f5es faz parte do or\u00e7amento da Sa\u00fade, R$ 15 milh\u00f5es do MCTI e R$ 30 milh\u00f5es do MEC. O recurso faz parte das a\u00e7\u00f5es do Eixo de Desenvolvimento Tecnol\u00f3gico, Educa\u00e7\u00e3o e Pesquisa do Plano Nacional de Enfrentamento ao Aedes aegypti e \u00e0 Microcefalia, lan\u00e7ado pelo governo federal em dezembro de 2015.<\/p>\n<p>\u201cO nosso objetivo \u00e9 encontrar tecnologias e mecanismos para combater o mosquito. \u00c9 a nossa prioridade porque atacar o vetor \u00e9 mais eficiente, porque sen\u00e3o vamos ter de produzir vacinas para cada doen\u00e7a nova que aparecer,\u201d afirmou o ministro da Sa\u00fade, Ricardo Barros.<\/p>\n<p>A expectativa, segundo o ministro do MCTIC, Gilberto Kassab, \u00e9 de que os estudos tamb\u00e9m possam resultar em vacina contra o v\u00edrus. \u201cVamos apoiar pesquisas de toda a sorte, em especial aquelas que j\u00e1 deram o primeiro passo com resultado positivo\u201d, disse.<\/p>\n<p>Regras do edital<\/p>\n<p>Para participar do edital o pesquisador precisa ter um projeto que se insira dentro de uma das nove linhas tem\u00e1ticas de pesquisas relacionadas ao v\u00edrus. Quem se interessar deve encaminhar o projeto pelo site do CNPq juntamente com o Formul\u00e1rio de Propostas on-line, dispon\u00edvel na Plataforma Carlos Chagas.<\/p>\n<p>As propostas ser\u00e3o avaliadas em cinco etapas por especialistas e consultores do Capes, CNPq e do Departamento de Ci\u00eancia e Tecnologia e a Secretaria de Vigil\u00e2ncia em Sa\u00fade. Os resultados e a contrata\u00e7\u00e3o das pesquisas ser\u00e3o realizados no in\u00edcio do segundo semestre. Os selecionados ser\u00e3o financiados dentro de tr\u00eas faixas de recursos: at\u00e9 R$ 500 mil, de R$ 500 mil at\u00e9 R$ 1,5 milh\u00e3o e de R$ 1,5 milh\u00e3o at\u00e9 R$ 2,5 milh\u00f5es.<\/p>\n<p>As linhas tem\u00e1ticas do edital s\u00e3o:<\/p>\n<p>Desenvolvimento de novas tecnologias diagn\u00f3sticas;<br \/>\nDesenvolvimento e avalia\u00e7\u00e3o de repelentes e de imunobiol\u00f3gicos;<br \/>\nInova\u00e7\u00e3o em gest\u00e3o de servi\u00e7os em sa\u00fade;<br \/>\nImunologia e virologia;<br \/>\nEpidemiologia e vigil\u00e2ncia em sa\u00fade,<br \/>\nEstrat\u00e9gias para controle de vetores;<br \/>\nDesenvolvimento de tecnologias sociais e inova\u00e7\u00e3o em educa\u00e7\u00e3o ambiental e sanit\u00e1ria;<br \/>\nFisiopatologia e cl\u00ednica.<\/p>\n<p>Pesquisas<\/p>\n<p>At\u00e9 o momento, o Minist\u00e9rio da Sa\u00fade j\u00e1 se comprometeu com cerca de R$ 130 milh\u00f5es para o desenvolvimento de vacinas, soros e estudos cient\u00edficos para as doen\u00e7as causadas pelo Aedes aegypti.<\/p>\n<p>Tamb\u00e9m foram liberados R$ 11,6 milh\u00f5es para o desenvolvimento de vacina contra o zika v\u00edrus pela Fiocruz. Do total, cerca de R$ 6 milh\u00f5es (US$ 1,5 milh\u00e3o) ser\u00e3o destinados para projetos de coopera\u00e7\u00e3o bilateral para pesquisas sobre o zika v\u00edrus e microcefalia entre a Fiocruz e o National Institutes of Health (NIH). Os outros R$ 5,6 milh\u00f5es ser\u00e3o para o desenvolvimento da vacina contra o zika v\u00edrus.<\/p>\n<p>Outra pesquisa para a vacina contra zika est\u00e1 em desenvolvimento pelo Instituto Evandro Chagas (IEC) em parceria com a Universidade Medical Branch do Texas, Estados Unidos. Os testes pr\u00e9-cl\u00ednicos (em primatas e camundongos) foram antecipados e ser\u00e3o realizados j\u00e1 em novembro deste ano. O estudo conta com o investimento de R$ 10 milh\u00f5es.<\/p>\n<p>Para financiamento da terceira e \u00faltima fase da pesquisa cl\u00ednica da vacina contra a dengue do Instituto Butantan, o Minist\u00e9rio da Sa\u00fade investir\u00e1 R$ 100 milh\u00f5es nos pr\u00f3ximos dois anos para o desenvolvimento do estudo. Tamb\u00e9m ser\u00e3o investidos por parte do Minist\u00e9rio da Sa\u00fade mais R$ 8,5 milh\u00f5es no desenvolvimento de soro contra o zika v\u00edrus.<\/p>\n<p>Renezika<\/p>\n<p>O minist\u00e9rio tamb\u00e9m lan\u00e7ou a Rede Nacional de Especialistas em Zika e doen\u00e7as correlatas \u2013 Renezika, com o objetivo de formular e discutir as pesquisas e o desenvolvimento tecnol\u00f3gico no combate ao mosquito Aedes aegypti.<\/p>\n<p>A Renezika ser\u00e1 formada por gestores da sa\u00fade, pesquisadores e representantes da sociedade civil, que ficar\u00e3o respons\u00e1veis por formular e discutir a\u00e7\u00f5es e pol\u00edticas para o enfrentamento ao zika e \u00e0s doen\u00e7as relacionadas ao v\u00edrus. A expectativa \u00e9 que os membros da Rede enrique\u00e7am os debates e decis\u00f5es para um melhor entendimento das doen\u00e7as e aprimoramento da assist\u00eancia \u00e0s v\u00edtimas do zika.<\/p>\n","protected":false},"excerpt":{"rendered":"<p>O governo federal lan\u00e7ou edital que prev\u00ea recursos de R$ 65 milh\u00f5es para pesquisas que contribuam na preven\u00e7\u00e3o, diagn\u00f3stico e tratamento de infec\u00e7\u00f5es causadas pelo zika v\u00edrus e doen\u00e7as correlacionadas. O chamamento \u00e9 uma articula\u00e7\u00e3o entre os minist\u00e9rios da Ci\u00eancia, Tecnologia e Inova\u00e7\u00f5es e Comunica\u00e7\u00e3o (MCTIC); Sa\u00fade e Educa\u00e7\u00e3o. Do montante total, R$ 20 milh\u00f5es [&hellip;]<\/p>\n","protected":false},"author":2,"featured_media":40847,"comment_status":"open","ping_status":"closed","sticky":false,"template":"","format":"standard","meta":{"_genesis_hide_title":false,"_genesis_hide_breadcrumbs":false,"_genesis_hide_singular_image":false,"_genesis_hide_footer_widgets":false,"_genesis_custom_body_class":"","_genesis_custom_post_class":"","_genesis_layout":"","_jetpack_memberships_contains_paid_content":false,"footnotes":""},"categories":[22],"tags":[],"class_list":{"0":"post-87556","1":"post","2":"type-post","3":"status-publish","4":"format-standard","5":"has-post-thumbnail","7":"category-brasil","8":"entry","9":"gs-1","10":"gs-odd","11":"gs-even","12":"gs-featured-content-entry"},"jetpack_featured_media_url":"https:\/\/www.redenoticia.com.br\/noticia\/imagens\/dengue-combate.jpg","jetpack_sharing_enabled":true,"jetpack_likes_enabled":true,"_links":{"self":[{"href":"https:\/\/www.redenoticia.com.br\/noticia\/wp-json\/wp\/v2\/posts\/87556","targetHints":{"allow":["GET"]}}],"collection":[{"href":"https:\/\/www.redenoticia.com.br\/noticia\/wp-json\/wp\/v2\/posts"}],"about":[{"href":"https:\/\/www.redenoticia.com.br\/noticia\/wp-json\/wp\/v2\/types\/post"}],"author":[{"embeddable":true,"href":"https:\/\/www.redenoticia.com.br\/noticia\/wp-json\/wp\/v2\/users\/2"}],"replies":[{"embeddable":true,"href":"https:\/\/www.redenoticia.com.br\/noticia\/wp-json\/wp\/v2\/comments?post=87556"}],"version-history":[{"count":0,"href":"https:\/\/www.redenoticia.com.br\/noticia\/wp-json\/wp\/v2\/posts\/87556\/revisions"}],"wp:featuredmedia":[{"embeddable":true,"href":"https:\/\/www.redenoticia.com.br\/noticia\/wp-json\/wp\/v2\/media\/40847"}],"wp:attachment":[{"href":"https:\/\/www.redenoticia.com.br\/noticia\/wp-json\/wp\/v2\/media?parent=87556"}],"wp:term":[{"taxonomy":"category","embeddable":true,"href":"https:\/\/www.redenoticia.com.br\/noticia\/wp-json\/wp\/v2\/categories?post=87556"},{"taxonomy":"post_tag","embeddable":true,"href":"https:\/\/www.redenoticia.com.br\/noticia\/wp-json\/wp\/v2\/tags?post=87556"}],"curies":[{"name":"wp","href":"https:\/\/api.w.org\/{rel}","templated":true}]}}