{"id":87554,"date":"2016-06-06T10:07:56","date_gmt":"2016-06-06T13:07:56","guid":{"rendered":"http:\/\/www.redenoticia.com.br\/noticia\/?p=87554"},"modified":"2016-06-03T19:09:20","modified_gmt":"2016-06-03T22:09:20","slug":"ans-fixa-em-1357-teto-para-reajuste-de-planos-de-saude-ate-abril-de-2017","status":"publish","type":"post","link":"https:\/\/www.redenoticia.com.br\/noticia\/2016\/ans-fixa-em-1357-teto-para-reajuste-de-planos-de-saude-ate-abril-de-2017\/87554","title":{"rendered":"ANS fixa em 13,57% teto para reajuste de planos de sa\u00fade at\u00e9 abril de 2017"},"content":{"rendered":"<p> A Ag\u00eancia Nacional de Sa\u00fade Suplementar (ANS) fixou em at\u00e9 13,57% o \u00edndice de <strong><em>reajuste a ser aplicado a planos de sa\u00fade<\/em><\/strong> m\u00e9dico-hospitalares individuais\/familiares no per\u00edodo compreendido entre maio de 2016 e abril de 2017.<\/p>\n<p>O percentual \u00e9 valido para planos de sa\u00fade contratados a partir de janeiro de 1999 ou adaptados \u00e0 Lei 9.656\/98 e atinge cerca de 8,3 milh\u00f5es de benefici\u00e1rios \u2013 17% do total de 48,5 milh\u00f5es de consumidores de planos de assist\u00eancia m\u00e9dica no Brasil.<\/p>\n<p>A metodologia usada para calcular o \u00edndice, de acordo com a ANS, \u00e9 a mesma desde 2001 e leva em considera\u00e7\u00e3o a m\u00e9dia dos percentuais de reajuste aplicados pelas operadoras aos contratos de planos coletivos com mais de 30 benefici\u00e1rios.<\/p>\n<p>A ag\u00eancia orienta os benefici\u00e1rios de planos individuais que fiquem atentos aos boletos de pagamento e observem: se o percentual de reajuste aplicado \u00e9 igual ou inferior ao definido pela ANS e se a cobran\u00e7a com o \u00edndice de reajuste est\u00e1 sendo feita a partir do m\u00eas de anivers\u00e1rio do contrato, que \u00e9 o m\u00eas em que o contrato foi firmado.<\/p>\n<p>\u201c\u00c9 importante destacar que somente as operadoras autorizadas pela ANS podem aplicar reajustes, conforme determina a Resolu\u00e7\u00e3o Normativa n\u00ba 171\/2008\u201d, destacou o \u00f3rg\u00e3o. Em caso de d\u00favida, os consumidores podem entrar em contato com a ag\u00eancia por meio do Disque ANS (0800 701 9656) ou pela Central de Atendimento ao Consumidor.<\/p>\n<p>Veja como ser\u00e1 aplicado o reajuste<\/p>\n<p>O \u00edndice de reajuste autorizado pela ANS pode ser aplicado somente a partir da data de anivers\u00e1rio de cada contrato.<\/p>\n<p>Se o m\u00eas de anivers\u00e1rio do contrato \u00e9 maio ou junho, ser\u00e1 permitida cobran\u00e7a retroativa, conforme a RN 171\/2008. Nesses casos, as mensalidades de julho e agosto (se o anivers\u00e1rio do contrato for em maio) ou apenas de julho (se o anivers\u00e1rio do contrato for em junho) ser\u00e3o acrescidas dos valores referentes \u00e0 cobran\u00e7a retroativa. Para os contratos com anivers\u00e1rio entre os meses de julho de 2016 e abril de 2017, n\u00e3o poder\u00e1 haver cobran\u00e7a retroativa.<\/p>\n<p>Dever\u00e3o constar claramente no boleto de pagamento o \u00edndice de reajuste autorizado pela ANS, o n\u00famero do of\u00edcio de autoriza\u00e7\u00e3o da ag\u00eancia, nome, c\u00f3digo e n\u00famero de registro do plano, bem como o m\u00eas previsto para aplica\u00e7\u00e3o do pr\u00f3ximo reajuste anual.<\/p>\n<p>Paula Laboissi\u00e8re \u2013 Rep\u00f3rter da Ag\u00eancia Brasil<br \/>\nEdi\u00e7\u00e3o: N\u00e1dia Franco<br \/>\n06\/06\/2016<\/p>\n","protected":false},"excerpt":{"rendered":"<p>A Ag\u00eancia Nacional de Sa\u00fade Suplementar (ANS) fixou em at\u00e9 13,57% o \u00edndice de reajuste a ser aplicado a planos de sa\u00fade m\u00e9dico-hospitalares individuais\/familiares no per\u00edodo compreendido entre maio de 2016 e abril de 2017. O percentual \u00e9 valido para planos de sa\u00fade contratados a partir de janeiro de 1999 ou adaptados \u00e0 Lei 9.656\/98 [&hellip;]<\/p>\n","protected":false},"author":2,"featured_media":57584,"comment_status":"open","ping_status":"closed","sticky":false,"template":"","format":"standard","meta":{"_genesis_hide_title":false,"_genesis_hide_breadcrumbs":false,"_genesis_hide_singular_image":false,"_genesis_hide_footer_widgets":false,"_genesis_custom_body_class":"","_genesis_custom_post_class":"","_genesis_layout":"","_jetpack_memberships_contains_paid_content":false,"footnotes":""},"categories":[22,7],"tags":[],"class_list":{"0":"post-87554","1":"post","2":"type-post","3":"status-publish","4":"format-standard","5":"has-post-thumbnail","7":"category-brasil","8":"category-economia","9":"entry","10":"gs-1","11":"gs-odd","12":"gs-even","13":"gs-featured-content-entry"},"jetpack_featured_media_url":"https:\/\/www.redenoticia.com.br\/noticia\/imagens\/economia-grafica-analise-inflacao.jpg","jetpack_sharing_enabled":true,"jetpack_likes_enabled":true,"_links":{"self":[{"href":"https:\/\/www.redenoticia.com.br\/noticia\/wp-json\/wp\/v2\/posts\/87554","targetHints":{"allow":["GET"]}}],"collection":[{"href":"https:\/\/www.redenoticia.com.br\/noticia\/wp-json\/wp\/v2\/posts"}],"about":[{"href":"https:\/\/www.redenoticia.com.br\/noticia\/wp-json\/wp\/v2\/types\/post"}],"author":[{"embeddable":true,"href":"https:\/\/www.redenoticia.com.br\/noticia\/wp-json\/wp\/v2\/users\/2"}],"replies":[{"embeddable":true,"href":"https:\/\/www.redenoticia.com.br\/noticia\/wp-json\/wp\/v2\/comments?post=87554"}],"version-history":[{"count":0,"href":"https:\/\/www.redenoticia.com.br\/noticia\/wp-json\/wp\/v2\/posts\/87554\/revisions"}],"wp:featuredmedia":[{"embeddable":true,"href":"https:\/\/www.redenoticia.com.br\/noticia\/wp-json\/wp\/v2\/media\/57584"}],"wp:attachment":[{"href":"https:\/\/www.redenoticia.com.br\/noticia\/wp-json\/wp\/v2\/media?parent=87554"}],"wp:term":[{"taxonomy":"category","embeddable":true,"href":"https:\/\/www.redenoticia.com.br\/noticia\/wp-json\/wp\/v2\/categories?post=87554"},{"taxonomy":"post_tag","embeddable":true,"href":"https:\/\/www.redenoticia.com.br\/noticia\/wp-json\/wp\/v2\/tags?post=87554"}],"curies":[{"name":"wp","href":"https:\/\/api.w.org\/{rel}","templated":true}]}}