{"id":87475,"date":"2016-06-03T10:37:28","date_gmt":"2016-06-03T13:37:28","guid":{"rendered":"http:\/\/www.redenoticia.com.br\/noticia\/?p=87475"},"modified":"2016-06-02T18:38:26","modified_gmt":"2016-06-02T21:38:26","slug":"confianca-do-empresario-do-comercio-volta-a-subir-e-vai-a-81-pontos-em-maio","status":"publish","type":"post","link":"https:\/\/www.redenoticia.com.br\/noticia\/2016\/confianca-do-empresario-do-comercio-volta-a-subir-e-vai-a-81-pontos-em-maio\/87475","title":{"rendered":"Confian\u00e7a do empres\u00e1rio do com\u00e9rcio volta a subir e vai a 81 pontos em maio"},"content":{"rendered":"<p> A melhora da avalia\u00e7\u00e3o dos comerciantes em rela\u00e7\u00e3o \u00e0s condi\u00e7\u00f5es atuais e a expectativa para os pr\u00f3ximos meses levaram o <strong><em>\u00cdndice de Confian\u00e7a do Empres\u00e1rio do Com\u00e9rcio<\/em><\/strong> (Icec) a voltar a subir em maio, atingindo 81,04 pontos, na s\u00e9rie com ajuste sazonal &#8211; um aumento de 0,3% em rela\u00e7\u00e3o ao m\u00eas passado.<\/p>\n<p>A constata\u00e7\u00e3o \u00e9 da Confedera\u00e7\u00e3o Nacional do Com\u00e9rcio de Bens, Servi\u00e7os e Turismo (CNC). Segundo a CNC, a melhora da avalia\u00e7\u00e3o das condi\u00e7\u00f5es correntes chegou a 0,8%, enquanto a de expectativas para os pr\u00f3ximos meses avan\u00e7ou 0,4%.<\/p>\n<p>Descontada a sazonalidade, o \u00cdndice de maio ficou em 79,2 pontos. Apesar da melhora, o \u00edndice que mede a confian\u00e7a do com\u00e9rcio ainda est\u00e1 7,2% abaixo da avalia\u00e7\u00e3o de maio de 2015.<\/p>\n<p>Para o economista da CNC Izis Ferreira, no entanto, \u201cainda \u00e9 precipitado afirmar que h\u00e1 sinais de recupera\u00e7\u00e3o plena da confian\u00e7a do com\u00e9rcio, uma vez que a demanda predomina em n\u00edvel historicamente baixo, sobretudo em fun\u00e7\u00e3o da deteriora\u00e7\u00e3o do mercado de trabalho e do encarecimento do cr\u00e9dito\u201d. Segundo ela, \u201ca pr\u00f3pria atividade do com\u00e9rcio vem sofrendo perdas consecutivas\u201d, ressaltou.<\/p>\n<p>O sub\u00edndice que mede as condi\u00e7\u00f5es correntes fechou maio com queda de 16,2%, em rela\u00e7\u00e3o a maio do ano passado, chegando a 40,8 pontos. &#8220;Apesar de ter um aumento de 0,8% em rela\u00e7\u00e3o a abril, o \u00edndice se encontra bem abaixo da zona de indiferen\u00e7a, de 100 pontos\u201d, lembrou a CNC.<\/p>\n<p>J\u00e1 na compara\u00e7\u00e3o mensal, a percep\u00e7\u00e3o do com\u00e9rcio varejista est\u00e1 mais otimista tanto em rela\u00e7\u00e3o \u00e0 economia (+7,2%) quanto em rela\u00e7\u00e3o ao desempenho do setor (+0,4%). No que diz respeito \u00e0 pr\u00f3pria empresa, no entanto, a avalia\u00e7\u00e3o apresentou retra\u00e7\u00e3o (-1,3%). Al\u00e9m disso, para 93% dos varejistas, a economia piorou no fim de maio, repetindo o mesmo percentual observado em abril.<\/p>\n<p>Com aumento de 0,4% na compara\u00e7\u00e3o mensal, o sub\u00edndice ligado \u00e0s expectativas em rela\u00e7\u00e3o aos pr\u00f3ximos meses alcan\u00e7ou 122,3 pontos em maio. Ainda assim, e apesar de 54,9% dos entrevistados acreditarem que a economia vai melhorar nos pr\u00f3ximos meses, o sub\u00edndice caiu 0,1% em rela\u00e7\u00e3o a maio do ano passado.<\/p>\n<p>Estoques ainda cheios<\/p>\n<p>Os dados da CNC indicam que 33,8% dos empres\u00e1rios varejistas acreditam que os estoques ainda est\u00e3o acima do adequado, n\u00famero, no entanto, inferior ao de abril quando 34,4% acreditavam nessa premissa, mais ainda assim o maior percentual da s\u00e9rie hist\u00f3rica, iniciada em janeiro de 2011.<\/p>\n<p>Para 75,6% dos empres\u00e1rios consultados, as inten\u00e7\u00f5es de investimento no capital social da empresa est\u00e3o menores, especialmente devido \u00e0s altas taxas de juros. Com isso, o componente que mede as condi\u00e7\u00f5es de investimentos alcan\u00e7ou 74,6 pontos, caindo 0,8% na compara\u00e7\u00e3o com abril deste ano e 12,2% ante maio do ano passado.<\/p>\n<p>Nielmar de Oliveira &#8211; Rep\u00f3rter da Ag\u00eancia Brasil<br \/>\nEdi\u00e7\u00e3o: Lana Cristina<br \/>\n03\/06\/2016<\/p>\n","protected":false},"excerpt":{"rendered":"<p>A melhora da avalia\u00e7\u00e3o dos comerciantes em rela\u00e7\u00e3o \u00e0s condi\u00e7\u00f5es atuais e a expectativa para os pr\u00f3ximos meses levaram o \u00cdndice de Confian\u00e7a do Empres\u00e1rio do Com\u00e9rcio (Icec) a voltar a subir em maio, atingindo 81,04 pontos, na s\u00e9rie com ajuste sazonal &#8211; um aumento de 0,3% em rela\u00e7\u00e3o ao m\u00eas passado. A constata\u00e7\u00e3o \u00e9 [&hellip;]<\/p>\n","protected":false},"author":2,"featured_media":57583,"comment_status":"open","ping_status":"closed","sticky":false,"template":"","format":"standard","meta":{"_genesis_hide_title":false,"_genesis_hide_breadcrumbs":false,"_genesis_hide_singular_image":false,"_genesis_hide_footer_widgets":false,"_genesis_custom_body_class":"","_genesis_custom_post_class":"","_genesis_layout":"","_jetpack_memberships_contains_paid_content":false,"footnotes":""},"categories":[22,7],"tags":[],"class_list":{"0":"post-87475","1":"post","2":"type-post","3":"status-publish","4":"format-standard","5":"has-post-thumbnail","7":"category-brasil","8":"category-economia","9":"entry","10":"gs-1","11":"gs-odd","12":"gs-even","13":"gs-featured-content-entry"},"jetpack_featured_media_url":"https:\/\/www.redenoticia.com.br\/noticia\/imagens\/economia-grafico.jpg","jetpack_sharing_enabled":true,"jetpack_likes_enabled":true,"_links":{"self":[{"href":"https:\/\/www.redenoticia.com.br\/noticia\/wp-json\/wp\/v2\/posts\/87475","targetHints":{"allow":["GET"]}}],"collection":[{"href":"https:\/\/www.redenoticia.com.br\/noticia\/wp-json\/wp\/v2\/posts"}],"about":[{"href":"https:\/\/www.redenoticia.com.br\/noticia\/wp-json\/wp\/v2\/types\/post"}],"author":[{"embeddable":true,"href":"https:\/\/www.redenoticia.com.br\/noticia\/wp-json\/wp\/v2\/users\/2"}],"replies":[{"embeddable":true,"href":"https:\/\/www.redenoticia.com.br\/noticia\/wp-json\/wp\/v2\/comments?post=87475"}],"version-history":[{"count":0,"href":"https:\/\/www.redenoticia.com.br\/noticia\/wp-json\/wp\/v2\/posts\/87475\/revisions"}],"wp:featuredmedia":[{"embeddable":true,"href":"https:\/\/www.redenoticia.com.br\/noticia\/wp-json\/wp\/v2\/media\/57583"}],"wp:attachment":[{"href":"https:\/\/www.redenoticia.com.br\/noticia\/wp-json\/wp\/v2\/media?parent=87475"}],"wp:term":[{"taxonomy":"category","embeddable":true,"href":"https:\/\/www.redenoticia.com.br\/noticia\/wp-json\/wp\/v2\/categories?post=87475"},{"taxonomy":"post_tag","embeddable":true,"href":"https:\/\/www.redenoticia.com.br\/noticia\/wp-json\/wp\/v2\/tags?post=87475"}],"curies":[{"name":"wp","href":"https:\/\/api.w.org\/{rel}","templated":true}]}}