{"id":87473,"date":"2016-06-03T10:36:34","date_gmt":"2016-06-03T13:36:34","guid":{"rendered":"http:\/\/www.redenoticia.com.br\/noticia\/?p=87473"},"modified":"2016-06-02T18:37:22","modified_gmt":"2016-06-02T21:37:22","slug":"ociosidade-na-industria-e-a-maior-desde-2002-mostra-pesquisa-da-cni","status":"publish","type":"post","link":"https:\/\/www.redenoticia.com.br\/noticia\/2016\/ociosidade-na-industria-e-a-maior-desde-2002-mostra-pesquisa-da-cni\/87473","title":{"rendered":"Ociosidade na ind\u00fastria \u00e9 a maior desde 2002, mostra pesquisa da CNI"},"content":{"rendered":"<p> O <strong><em>n\u00edvel de atividade da ind\u00fastria<\/em><\/strong> brasileira voltou a cair em abril, com utiliza\u00e7\u00e3o de 76,9% da capacidade instalada, menor n\u00edvel da s\u00e9rie hist\u00f3rica iniciada em 2002, segundo levantamento da Confedera\u00e7\u00e3o Nacional da Ind\u00fastria.<\/p>\n<p> O resultado representa queda em rela\u00e7\u00e3o ao n\u00edvel de utiliza\u00e7\u00e3o da capacidade instalada registrado em mar\u00e7o (77,2%) e tamb\u00e9m em rela\u00e7\u00e3o a abril do ano passado, quando o \u00edndice se encontrava em 79,8%.<\/p>\n<p>A pesquisa de indicadores da ind\u00fastria feita pela CNI confirma tamb\u00e9m outras estat\u00edsticas negativas sobre o setor, mostrando uma queda no n\u00edvel de emprego pelo 15\u00ba m\u00eas consecutivo. O faturamento real da ind\u00fastria sofreu retra\u00e7\u00e3o de 0,6% em abril, em rela\u00e7\u00e3o a mar\u00e7o, e de 9,9% na compara\u00e7\u00e3o com o mesmo m\u00eas do ano anterior.<\/p>\n<p>\u201cSe chegamos ao fundo do po\u00e7o, esse po\u00e7o \u00e9 bem fundo\u201d, disse o gerente-executivo de Pol\u00edtica Econ\u00f4mica da CNI, Fl\u00e1vio Castelo Branco, ap\u00f3s a divulga\u00e7\u00e3o. Ele previu trajet\u00f3ria de estabilidade daqui para a frente para o setor.<\/p>\n<p>O economista destacou, no entanto, que um alto \u00edndice de capacidade ociosa pode ser um indicador macroecon\u00f4mico capaz de gerar perspectivas positivas, pois sinaliza um alto potencial de retomada de produ\u00e7\u00e3o sem a necessidade de novos investimentos.<\/p>\n<p>Para ele, a situa\u00e7\u00e3o do mercado interno \u00e9 \u201cdram\u00e1tica\u201d, e a salva\u00e7\u00e3o de alguns segmentos da ind\u00fastria tem sido a exporta\u00e7\u00e3o: \u201cMenos ruim s\u00e3o aqueles setores que t\u00eam em sua composi\u00e7\u00e3o esse fator externo, como papel e celulose, por exemplo.\u201d<\/p>\n<p>Felipe Pontes \u2013 Rep\u00f3rter da Ag\u00eancia Brasil<br \/>\nEdi\u00e7\u00e3o: Denise Griesinger<br \/>\n03\/06\/2016<\/p>\n","protected":false},"excerpt":{"rendered":"<p>O n\u00edvel de atividade da ind\u00fastria brasileira voltou a cair em abril, com utiliza\u00e7\u00e3o de 76,9% da capacidade instalada, menor n\u00edvel da s\u00e9rie hist\u00f3rica iniciada em 2002, segundo levantamento da Confedera\u00e7\u00e3o Nacional da Ind\u00fastria. O resultado representa queda em rela\u00e7\u00e3o ao n\u00edvel de utiliza\u00e7\u00e3o da capacidade instalada registrado em mar\u00e7o (77,2%) e tamb\u00e9m em rela\u00e7\u00e3o [&hellip;]<\/p>\n","protected":false},"author":2,"featured_media":57582,"comment_status":"open","ping_status":"closed","sticky":false,"template":"","format":"standard","meta":{"_genesis_hide_title":false,"_genesis_hide_breadcrumbs":false,"_genesis_hide_singular_image":false,"_genesis_hide_footer_widgets":false,"_genesis_custom_body_class":"","_genesis_custom_post_class":"","_genesis_layout":"","_jetpack_memberships_contains_paid_content":false,"footnotes":""},"categories":[22,7],"tags":[],"class_list":{"0":"post-87473","1":"post","2":"type-post","3":"status-publish","4":"format-standard","5":"has-post-thumbnail","7":"category-brasil","8":"category-economia","9":"entry","10":"gs-1","11":"gs-odd","12":"gs-even","13":"gs-featured-content-entry"},"jetpack_featured_media_url":"https:\/\/www.redenoticia.com.br\/noticia\/imagens\/grafico1.jpg","jetpack_sharing_enabled":true,"jetpack_likes_enabled":true,"_links":{"self":[{"href":"https:\/\/www.redenoticia.com.br\/noticia\/wp-json\/wp\/v2\/posts\/87473","targetHints":{"allow":["GET"]}}],"collection":[{"href":"https:\/\/www.redenoticia.com.br\/noticia\/wp-json\/wp\/v2\/posts"}],"about":[{"href":"https:\/\/www.redenoticia.com.br\/noticia\/wp-json\/wp\/v2\/types\/post"}],"author":[{"embeddable":true,"href":"https:\/\/www.redenoticia.com.br\/noticia\/wp-json\/wp\/v2\/users\/2"}],"replies":[{"embeddable":true,"href":"https:\/\/www.redenoticia.com.br\/noticia\/wp-json\/wp\/v2\/comments?post=87473"}],"version-history":[{"count":0,"href":"https:\/\/www.redenoticia.com.br\/noticia\/wp-json\/wp\/v2\/posts\/87473\/revisions"}],"wp:featuredmedia":[{"embeddable":true,"href":"https:\/\/www.redenoticia.com.br\/noticia\/wp-json\/wp\/v2\/media\/57582"}],"wp:attachment":[{"href":"https:\/\/www.redenoticia.com.br\/noticia\/wp-json\/wp\/v2\/media?parent=87473"}],"wp:term":[{"taxonomy":"category","embeddable":true,"href":"https:\/\/www.redenoticia.com.br\/noticia\/wp-json\/wp\/v2\/categories?post=87473"},{"taxonomy":"post_tag","embeddable":true,"href":"https:\/\/www.redenoticia.com.br\/noticia\/wp-json\/wp\/v2\/tags?post=87473"}],"curies":[{"name":"wp","href":"https:\/\/api.w.org\/{rel}","templated":true}]}}