{"id":87471,"date":"2016-06-03T10:35:32","date_gmt":"2016-06-03T13:35:32","guid":{"rendered":"http:\/\/www.redenoticia.com.br\/noticia\/?p=87471"},"modified":"2016-06-02T18:36:30","modified_gmt":"2016-06-02T21:36:30","slug":"producao-industrial-sobe-01-em-abril-mostra-ibge","status":"publish","type":"post","link":"https:\/\/www.redenoticia.com.br\/noticia\/2016\/producao-industrial-sobe-01-em-abril-mostra-ibge\/87471","title":{"rendered":"Produ\u00e7\u00e3o industrial sobe 0,1% em abril, mostra IBGE"},"content":{"rendered":"<p> A <strong><em>produ\u00e7\u00e3o industrial brasileira<\/em><\/strong> fechou o m\u00eas de abril com ligeira alta de 0,1% em rela\u00e7\u00e3o ao m\u00eas de mar\u00e7o, na s\u00e9rie livre de influ\u00eancias sazonais. \u00c9 o segundo resultado positivo consecutivo, pois em mar\u00e7o o setor registou crescimento de 1,4%. Os dados fazem parte da Pesquisa Industrial Mensal, divulgada pelo Instituto Brasileiro de Geografia e Estat\u00edstica (IBGE). Em fevereiro, o setor recuou 2,9% em rela\u00e7\u00e3o a janeiro.<\/p>\n<p>De maneira geral, no entanto, os resultados s\u00e3o predominantemente negativos. Na compara\u00e7\u00e3o com abril do ano passado, a queda chega a 7,2%, na s\u00e9rie sem ajuste sazonal \u2013 26\u00aa taxa negativa consecutiva nesse tipo de compara\u00e7\u00e3o, embora menor que a observada em mar\u00e7o (-11,5%). No \u00edndice acumulado nos \u00faltimos doze meses, a queda chega a 9,6%.<\/p>\n<p>A queda acumulada de 10,5% na produ\u00e7\u00e3o industrial acumulada nestes quatro primeiros meses do ano, em rela\u00e7\u00e3o a igual per\u00edodo do ano anterior, tamb\u00e9m mostra a predomin\u00e3ncia de taxas negativas.<\/p>\n<p> Segundo o IBGE, a leve alta de 0,1% de mar\u00e7o para abril mostra taxas positivas em duas das quatro grandes categorias econ\u00f4micas e em 11 dos 24 ramos pesquisados.<\/p>\n<p>No que se refere aos setores, os principais impactos positivos foram em produtos aliment\u00edcios (4,6%) e coque, produtos derivados do petr\u00f3leo e biocombust\u00edveis (4,0%).<\/p>\n<p>Entre os 13 ramos que tiveram a produ\u00e7\u00e3o reduzida, est\u00e3o os de maior relev\u00e2ncia sobre a m\u00e9dia global da ind\u00fastria: ve\u00edculos automotores, reboques e carrocerias (-4,5%) e produtos farmoqu\u00edmicos e farmac\u00eauticos (-10,9%).<\/p>\n<p>Em rela\u00e7\u00e3o \u00e0s grandes categorias econ\u00f4micas, ainda em rela\u00e7\u00e3o a mar\u00e7o, bens de capital mostrou a expans\u00e3o mais acentuada em abril, com crescimento de 1,2% \u2013 quarta taxa positiva consecutiva, acumulando no per\u00edodo aumento de 7,7%. O segmento de bens intermedi\u00e1rios tamb\u00e9m ampliou a produ\u00e7\u00e3o em abril, ao crescer 0,5% sobre o m\u00eas de mar\u00e7o.<\/p>\n<p>J\u00e1 os setores de bens de consumo dur\u00e1veis apresentaram queda de um m\u00eas para outro. No caso de bens de consumo dur\u00e1veis, a queda foi de 4,4% e, no de bens de consumo semi e n\u00e3o dur\u00e1veis, de 0,6%.<\/p>\n<p>Nielmar de Oliveira &#8211; Rep\u00f3rter da Ag\u00eancia Brasil<br \/>\nEdi\u00e7\u00e3o: Talita Cavalcante<br \/>\n03\/06\/2016<\/p>\n","protected":false},"excerpt":{"rendered":"<p>A produ\u00e7\u00e3o industrial brasileira fechou o m\u00eas de abril com ligeira alta de 0,1% em rela\u00e7\u00e3o ao m\u00eas de mar\u00e7o, na s\u00e9rie livre de influ\u00eancias sazonais. \u00c9 o segundo resultado positivo consecutivo, pois em mar\u00e7o o setor registou crescimento de 1,4%. Os dados fazem parte da Pesquisa Industrial Mensal, divulgada pelo Instituto Brasileiro de Geografia [&hellip;]<\/p>\n","protected":false},"author":2,"featured_media":38938,"comment_status":"open","ping_status":"closed","sticky":false,"template":"","format":"standard","meta":{"_genesis_hide_title":false,"_genesis_hide_breadcrumbs":false,"_genesis_hide_singular_image":false,"_genesis_hide_footer_widgets":false,"_genesis_custom_body_class":"","_genesis_custom_post_class":"","_genesis_layout":"","_jetpack_memberships_contains_paid_content":false,"footnotes":""},"categories":[22,7],"tags":[],"class_list":{"0":"post-87471","1":"post","2":"type-post","3":"status-publish","4":"format-standard","5":"has-post-thumbnail","7":"category-brasil","8":"category-economia","9":"entry","10":"gs-1","11":"gs-odd","12":"gs-even","13":"gs-featured-content-entry"},"jetpack_featured_media_url":"https:\/\/www.redenoticia.com.br\/noticia\/imagens\/economia1.jpg","jetpack_sharing_enabled":true,"jetpack_likes_enabled":true,"_links":{"self":[{"href":"https:\/\/www.redenoticia.com.br\/noticia\/wp-json\/wp\/v2\/posts\/87471","targetHints":{"allow":["GET"]}}],"collection":[{"href":"https:\/\/www.redenoticia.com.br\/noticia\/wp-json\/wp\/v2\/posts"}],"about":[{"href":"https:\/\/www.redenoticia.com.br\/noticia\/wp-json\/wp\/v2\/types\/post"}],"author":[{"embeddable":true,"href":"https:\/\/www.redenoticia.com.br\/noticia\/wp-json\/wp\/v2\/users\/2"}],"replies":[{"embeddable":true,"href":"https:\/\/www.redenoticia.com.br\/noticia\/wp-json\/wp\/v2\/comments?post=87471"}],"version-history":[{"count":0,"href":"https:\/\/www.redenoticia.com.br\/noticia\/wp-json\/wp\/v2\/posts\/87471\/revisions"}],"wp:featuredmedia":[{"embeddable":true,"href":"https:\/\/www.redenoticia.com.br\/noticia\/wp-json\/wp\/v2\/media\/38938"}],"wp:attachment":[{"href":"https:\/\/www.redenoticia.com.br\/noticia\/wp-json\/wp\/v2\/media?parent=87471"}],"wp:term":[{"taxonomy":"category","embeddable":true,"href":"https:\/\/www.redenoticia.com.br\/noticia\/wp-json\/wp\/v2\/categories?post=87471"},{"taxonomy":"post_tag","embeddable":true,"href":"https:\/\/www.redenoticia.com.br\/noticia\/wp-json\/wp\/v2\/tags?post=87471"}],"curies":[{"name":"wp","href":"https:\/\/api.w.org\/{rel}","templated":true}]}}