{"id":87469,"date":"2016-06-03T10:34:27","date_gmt":"2016-06-03T13:34:27","guid":{"rendered":"http:\/\/www.redenoticia.com.br\/noticia\/?p=87469"},"modified":"2016-06-02T18:35:28","modified_gmt":"2016-06-02T21:35:28","slug":"fenabrave-indica-alta-de-28-no-comercio-de-veiculos-novos","status":"publish","type":"post","link":"https:\/\/www.redenoticia.com.br\/noticia\/2016\/fenabrave-indica-alta-de-28-no-comercio-de-veiculos-novos\/87469","title":{"rendered":"Fenabrave indica alta de 2,8% no com\u00e9rcio de ve\u00edculos novos"},"content":{"rendered":"<p> As <strong><em>vendas de ve\u00edculos novos<\/em><\/strong> aumentaram 2,8% no \u00faltimo m\u00eas de maio sobre abril, embora o mercado continue desaquecido, podendo fechar o ano de 2016 em queda, segundo dados divulgados pela Federa\u00e7\u00e3o Nacional de Distribui\u00e7\u00e3o de Ve\u00edculos Automotores (Fenabrave). Em compara\u00e7\u00e3o a maio de 2015, houve queda de 21,24%, com a comercializa\u00e7\u00e3o de 167.509 unidades, entre autom\u00f3veis, comerciais leves, caminh\u00f5es e \u00f4nibus.<\/p>\n<p>No acumulado de janeiro a maio deste ano, foram vendidos 811,2 mil ve\u00edculos, n\u00famero 26,23% abaixo do volume registrado nos cinco primeiros meses de 2015.<\/p>\n<p>No segmento s\u00f3 dos autom\u00f3veis, as vendas subiram 4,08%, acima da m\u00e9dia, com o escoamento de 137.448 ve\u00edculos. No entanto, comparados ao ano passado, os neg\u00f3cios ca\u00edram 21,73% e foi registrada retra\u00e7\u00e3o 25,49% no acumulado do ano.<\/p>\n<p>Tamb\u00e9m melhorou o desempenho moment\u00e2neo no com\u00e9rcio de \u00f4nibus, com alta de 9,61% sobre abril. J\u00e1 em rela\u00e7\u00e3o a maio de 2015, as vendas recuaram em 26,65% e o movimento foi 42,8% menor no ano acumulado.<\/p>\n<p>Entre os caminh\u00f5es, a venda chegou a 4.084 unidades em maio, retra\u00e7\u00e3o de 32,23% em rela\u00e7\u00e3o a igual m\u00eas do ano passado e recuo de 2,55% sobre o volume registrado em abril. No acumulado do ano, a queda \u00e9 de 31,81%. No caso dos \u00f4nibus, foram 1.255 unidades vendidas, representando uma baixa de 26,65% em compara\u00e7\u00e3o com maio de 2015, mas expans\u00e3o de 9,61% em rela\u00e7\u00e3o a abril. O recuo de janeiro a maio \u00e9 de 42,80%.<\/p>\n<p>Pelas proje\u00e7\u00f5es da Fenabrave, as vendas em todos os segmentos de ve\u00edculos, incluindo motocicletas, devem ter uma redu\u00e7\u00e3o de 15% no fechamento deste ano. Considerando s\u00f3 os autom\u00f3veis e comerciais leves, a previs\u00e3o \u00e9 de um recuo de 20%.<\/p>\n<p>Marli Moreira \u2013 Rep\u00f3rter da Ag\u00eancia Brasil<br \/>\nEdi\u00e7\u00e3o: Maria Claudia<br \/>\n03\/06\/2016<\/p>\n","protected":false},"excerpt":{"rendered":"<p>As vendas de ve\u00edculos novos aumentaram 2,8% no \u00faltimo m\u00eas de maio sobre abril, embora o mercado continue desaquecido, podendo fechar o ano de 2016 em queda, segundo dados divulgados pela Federa\u00e7\u00e3o Nacional de Distribui\u00e7\u00e3o de Ve\u00edculos Automotores (Fenabrave). Em compara\u00e7\u00e3o a maio de 2015, houve queda de 21,24%, com a comercializa\u00e7\u00e3o de 167.509 unidades, [&hellip;]<\/p>\n","protected":false},"author":2,"featured_media":57585,"comment_status":"open","ping_status":"closed","sticky":false,"template":"","format":"standard","meta":{"_genesis_hide_title":false,"_genesis_hide_breadcrumbs":false,"_genesis_hide_singular_image":false,"_genesis_hide_footer_widgets":false,"_genesis_custom_body_class":"","_genesis_custom_post_class":"","_genesis_layout":"","_jetpack_memberships_contains_paid_content":false,"footnotes":""},"categories":[22,7],"tags":[],"class_list":{"0":"post-87469","1":"post","2":"type-post","3":"status-publish","4":"format-standard","5":"has-post-thumbnail","7":"category-brasil","8":"category-economia","9":"entry","10":"gs-1","11":"gs-odd","12":"gs-even","13":"gs-featured-content-entry"},"jetpack_featured_media_url":"https:\/\/www.redenoticia.com.br\/noticia\/imagens\/analise-economia.jpg","jetpack_sharing_enabled":true,"jetpack_likes_enabled":true,"_links":{"self":[{"href":"https:\/\/www.redenoticia.com.br\/noticia\/wp-json\/wp\/v2\/posts\/87469","targetHints":{"allow":["GET"]}}],"collection":[{"href":"https:\/\/www.redenoticia.com.br\/noticia\/wp-json\/wp\/v2\/posts"}],"about":[{"href":"https:\/\/www.redenoticia.com.br\/noticia\/wp-json\/wp\/v2\/types\/post"}],"author":[{"embeddable":true,"href":"https:\/\/www.redenoticia.com.br\/noticia\/wp-json\/wp\/v2\/users\/2"}],"replies":[{"embeddable":true,"href":"https:\/\/www.redenoticia.com.br\/noticia\/wp-json\/wp\/v2\/comments?post=87469"}],"version-history":[{"count":0,"href":"https:\/\/www.redenoticia.com.br\/noticia\/wp-json\/wp\/v2\/posts\/87469\/revisions"}],"wp:featuredmedia":[{"embeddable":true,"href":"https:\/\/www.redenoticia.com.br\/noticia\/wp-json\/wp\/v2\/media\/57585"}],"wp:attachment":[{"href":"https:\/\/www.redenoticia.com.br\/noticia\/wp-json\/wp\/v2\/media?parent=87469"}],"wp:term":[{"taxonomy":"category","embeddable":true,"href":"https:\/\/www.redenoticia.com.br\/noticia\/wp-json\/wp\/v2\/categories?post=87469"},{"taxonomy":"post_tag","embeddable":true,"href":"https:\/\/www.redenoticia.com.br\/noticia\/wp-json\/wp\/v2\/tags?post=87469"}],"curies":[{"name":"wp","href":"https:\/\/api.w.org\/{rel}","templated":true}]}}