{"id":87465,"date":"2016-06-03T10:31:56","date_gmt":"2016-06-03T13:31:56","guid":{"rendered":"http:\/\/www.redenoticia.com.br\/noticia\/?p=87465"},"modified":"2016-06-02T18:32:58","modified_gmt":"2016-06-02T21:32:58","slug":"risco-de-contrair-zika-durante-as-olimpiadas-divide-especialistas","status":"publish","type":"post","link":"https:\/\/www.redenoticia.com.br\/noticia\/2016\/risco-de-contrair-zika-durante-as-olimpiadas-divide-especialistas\/87465","title":{"rendered":"Risco de contrair Zika durante as Olimp\u00edadas divide especialistas"},"content":{"rendered":"<p> Karina Toledo | Ag\u00eancia FAPESP \u2013 \u201cSe voc\u00ea n\u00e3o estiver gr\u00e1vida e decidir evitar os Jogos Ol\u00edmpicos do Rio de Janeiro por medo de contrair <strong><em>Zika<\/em><\/strong>, pode encontrar um motivo melhor; h\u00e1 muitos outros.\u201d A afirma\u00e7\u00e3o foi feita pelos pesquisadores Eduardo Massad, Francisco Coutinho (ambos da Faculdade de Medicina da Universidade de S\u00e3o Paulo &#8211; FMUSP) e Annelies Wilder-Smith (Lee Kong School of Medicine, de Cingapura) em carta submetida nesta ter\u00e7a-feira (31\/05) \u00e0 revista The Lancet. Massad \u00e9 membro da Rede de Pesquisa sobre Zika V\u00edrus em S\u00e3o Paulo (Rede Zika), apoiada pela FAPESP.<\/p>\n<p>No texto, que ainda ser\u00e1 avaliado pelo peri\u00f3dico, os especialistas em modelagem matem\u00e1tica e epidemiologia comparam o risco de infec\u00e7\u00e3o pelo v\u00edrus Zika durante as Olimp\u00edadas \u2013 em agosto \u2013 com o risco de contrair dengue, que \u00e9 considerado baixo no per\u00edodo de inverno (leia mais em: ).<\/p>\n<p>O objetivo foi responder a uma \u00a0endere\u00e7ada \u00e0 diretora da Organiza\u00e7\u00e3o Mundial da Sa\u00fade (OMS), Margareth Chan, pedindo o adiamento das Olimp\u00edadas do Rio de Janeiro ou sua transfer\u00eancia para outro local. O documento foi assinado por 150 especialistas em sa\u00fade e bio\u00e9tica de diversos pa\u00edses, entre eles a brasileira D\u00e9bora Diniz, professora da Universidade de Bras\u00edlia (UnB).<\/p>\n<p>Segundo os signat\u00e1rios da carta enviada \u00e0 OMS, o evento no Rio ajudaria a acelerar a dissemina\u00e7\u00e3o do v\u00edrus pelo mundo e, diante das descobertas recentes, seria anti\u00e9tico manter os planos atuais.<\/p>\n<p>Para Massad, no entanto, a afirma\u00e7\u00e3o n\u00e3o tem base em evid\u00eancias cient\u00edficas. \u201cN\u00f3s calculamos o risco individual de infec\u00e7\u00e3o pelo v\u00edrus da dengue durante as Olimp\u00edadas, que \u00e9 de 0,0005 [5 casos a cada 10 mil pessoas]. O risco individual de contrair Zika \u00e9 cerca de 15 vezes menor, ou seja, 0,00003 \u2013 algo em torno de 3 casos a cada 100 mil visitantes. Se s\u00e3o aguardados em torno de 500 mil turistas, ter\u00edamos aproximadamente 15 pessoas infectadas, sendo 10 casos assintom\u00e1ticos e 5 com sintomas\u201d, afirmou o pesquisador em entrevista \u00e0 Ag\u00eancia FAPESP.<\/p>\n<p>Segundo Massad, o c\u00e1lculo tem como base o n\u00famero estimado de casos de Zika no Brasil em 2015 \u2013 que seria entre 500 mil e 1,5 milh\u00e3o.<\/p>\n<p>\u201cComo a notifica\u00e7\u00e3o n\u00e3o \u00e9 confi\u00e1vel, usamos meios indiretos para estimar. Sabemos, por exemplo, que, para cada caso cl\u00ednico de Zika, existem outros cinco assintom\u00e1ticos. Sabemos tamb\u00e9m que uma em cada cem gr\u00e1vidas infectadas pelo Zika vai ter filho com microcefalia. Como \u00e9 conhecido o n\u00famero de crian\u00e7as que nasceram com microcefalia em decorr\u00eancia da doen\u00e7a, podemos calcular o n\u00famero de mulheres gr\u00e1vidas infectadas. Como sabemos a rela\u00e7\u00e3o de mulheres gr\u00e1vidas infectadas com dengue em rela\u00e7\u00e3o ao total de casos de dengue, podemos usar essa mesma rela\u00e7\u00e3o para calcular o total de casos de Zika\u201d, explicou Massad.<\/p>\n<p>J\u00e1 no caso da dengue, somente os casos notificados ultrapassaram 1,6 milh\u00e3o em 2015, segundo relat\u00f3rio divulgado pelo Minist\u00e9rio da Sa\u00fade no in\u00edcio deste ano. Somam-se a esse n\u00famero oficial os diversos casos assintom\u00e1ticos e sintom\u00e1ticos que n\u00e3o entraram nas estat\u00edsticas oficiais.<\/p>\n<p>\u201cSe a distribui\u00e7\u00e3o dos casos de Zika ao longo dos meses for igual \u00e0 da dengue \u2013 e n\u00e3o tem por que ser diferente, pois a doen\u00e7a \u00e9 transmitida pelo mesmo mosquito e \u00e9 o vetor que determina a sazonalidade \u2013, podemos afirmar que o risco de contrair Zika em agosto \u00e9 15 vezes menor que o de contrair dengue\u201d, disse Massad.<\/p>\n<p>No texto enviado \u00e0 The Lancet, os cientistas afirmam que h\u00e1 aproximadamente dez vezes mais risco de uma mulher ser estuprada no Rio de Janeiro ou de um homem morrer ap\u00f3s levar um tiro.<\/p>\n<p>\u201cClaro que tudo isso s\u00e3o estimativas muito cruas e, embora o risco seja muito baixo, n\u00f3s recomendamos que as gr\u00e1vidas n\u00e3o venham para os jogos. Mas n\u00e3o \u00e9 o caso de adiar ou transferir o evento\u201d, opinou Massad.<\/p>\n<p>Outra vis\u00e3o<\/p>\n<p>Procurada pela Ag\u00eancia FAPESP, Diniz disse ver com \u201cespanto\u201d a seguran\u00e7a com que o texto enviado \u00e0 The Lancet apresenta n\u00fameros para prever o risco de infec\u00e7\u00e3o por um v\u00edrus sobre o qual ainda se sabe pouco. \u201cN\u00e3o sabemos sequer a taxa de ataque do Zika na popula\u00e7\u00e3o, por exemplo. Como a notifica\u00e7\u00e3o compuls\u00f3ria dos casos de infec\u00e7\u00e3o pelo v\u00edrus s\u00f3 passou a existir em janeiro de 2016 no Brasil, tampouco sabemos a hist\u00f3ria da doen\u00e7a, crucial para poder tra\u00e7ar estimativa de risco futuro. Ou seja, esses n\u00fameros precisam ser acompanhados do alerta da d\u00favida\u201d, avaliou a professora da UnB.<\/p>\n<p>Diniz disse ainda que n\u00e3o s\u00e3o apenas as gestantes que est\u00e3o em risco, mas todas as mulheres em idade reprodutiva, os homens que se relacionam com essas mulheres e seus planos reprodutivos conjuntos.<\/p>\n<p>\u201cA mais nova recomenda\u00e7\u00e3o da OMS, por exemplo, sugere que homens com sintomas de Zika aguardem seis meses antes de planejar uma gravidez com uma parceira. \u00c9 sobre a reprodu\u00e7\u00e3o de uma popula\u00e7\u00e3o que estamos falando. Infelizmente, nos parecem v\u00e1rios bons motivos para decidir evitar os Jogos Ol\u00edmpicos do Rio\u201d, concluiu.<\/p>\n","protected":false},"excerpt":{"rendered":"<p>Karina Toledo | Ag\u00eancia FAPESP \u2013 \u201cSe voc\u00ea n\u00e3o estiver gr\u00e1vida e decidir evitar os Jogos Ol\u00edmpicos do Rio de Janeiro por medo de contrair Zika, pode encontrar um motivo melhor; h\u00e1 muitos outros.\u201d A afirma\u00e7\u00e3o foi feita pelos pesquisadores Eduardo Massad, Francisco Coutinho (ambos da Faculdade de Medicina da Universidade de S\u00e3o Paulo &#8211; [&hellip;]<\/p>\n","protected":false},"author":2,"featured_media":40847,"comment_status":"open","ping_status":"closed","sticky":false,"template":"","format":"standard","meta":{"_genesis_hide_title":false,"_genesis_hide_breadcrumbs":false,"_genesis_hide_singular_image":false,"_genesis_hide_footer_widgets":false,"_genesis_custom_body_class":"","_genesis_custom_post_class":"","_genesis_layout":"","_jetpack_memberships_contains_paid_content":false,"footnotes":""},"categories":[22],"tags":[],"class_list":{"0":"post-87465","1":"post","2":"type-post","3":"status-publish","4":"format-standard","5":"has-post-thumbnail","7":"category-brasil","8":"entry","9":"gs-1","10":"gs-odd","11":"gs-even","12":"gs-featured-content-entry"},"jetpack_featured_media_url":"https:\/\/www.redenoticia.com.br\/noticia\/imagens\/dengue-combate.jpg","jetpack_sharing_enabled":true,"jetpack_likes_enabled":true,"_links":{"self":[{"href":"https:\/\/www.redenoticia.com.br\/noticia\/wp-json\/wp\/v2\/posts\/87465","targetHints":{"allow":["GET"]}}],"collection":[{"href":"https:\/\/www.redenoticia.com.br\/noticia\/wp-json\/wp\/v2\/posts"}],"about":[{"href":"https:\/\/www.redenoticia.com.br\/noticia\/wp-json\/wp\/v2\/types\/post"}],"author":[{"embeddable":true,"href":"https:\/\/www.redenoticia.com.br\/noticia\/wp-json\/wp\/v2\/users\/2"}],"replies":[{"embeddable":true,"href":"https:\/\/www.redenoticia.com.br\/noticia\/wp-json\/wp\/v2\/comments?post=87465"}],"version-history":[{"count":0,"href":"https:\/\/www.redenoticia.com.br\/noticia\/wp-json\/wp\/v2\/posts\/87465\/revisions"}],"wp:featuredmedia":[{"embeddable":true,"href":"https:\/\/www.redenoticia.com.br\/noticia\/wp-json\/wp\/v2\/media\/40847"}],"wp:attachment":[{"href":"https:\/\/www.redenoticia.com.br\/noticia\/wp-json\/wp\/v2\/media?parent=87465"}],"wp:term":[{"taxonomy":"category","embeddable":true,"href":"https:\/\/www.redenoticia.com.br\/noticia\/wp-json\/wp\/v2\/categories?post=87465"},{"taxonomy":"post_tag","embeddable":true,"href":"https:\/\/www.redenoticia.com.br\/noticia\/wp-json\/wp\/v2\/tags?post=87465"}],"curies":[{"name":"wp","href":"https:\/\/api.w.org\/{rel}","templated":true}]}}