{"id":87463,"date":"2016-06-03T10:30:37","date_gmt":"2016-06-03T13:30:37","guid":{"rendered":"http:\/\/www.redenoticia.com.br\/noticia\/?p=87463"},"modified":"2016-06-02T18:31:53","modified_gmt":"2016-06-02T21:31:53","slug":"fapesp-e-ibm-financiarao-pesquisa-em-computacao-cognitiva-no-brasil","status":"publish","type":"post","link":"https:\/\/www.redenoticia.com.br\/noticia\/2016\/fapesp-e-ibm-financiarao-pesquisa-em-computacao-cognitiva-no-brasil\/87463","title":{"rendered":"FAPESP e IBM financiar\u00e3o pesquisa em computa\u00e7\u00e3o cognitiva no Brasil"},"content":{"rendered":"<p> Ag\u00eancia FAPESP \u2013 A FAPESP e a IBM Brasil firmaram um Acordo de Coopera\u00e7\u00e3o para compartilhar investimentos de at\u00e9 US$ 500 mil, ao longo de dez anos, a serem utilizados em projetos de pesquisa cient\u00edfica e tecnol\u00f3gica na \u00e1rea de <strong><em>computa\u00e7\u00e3o cognitiva<\/em><\/strong> em universidades e institutos de pesquisa. Um comit\u00ea conjunto formado por representantes da FAPESP e da IBM conduzir\u00e1 a avalia\u00e7\u00e3o e sele\u00e7\u00e3o de projetos apresentados em resposta a Chamadas de Propostas a serem lan\u00e7adas periodicamente.<\/p>\n<p>Cada Chamada ter\u00e1 foco em temas espec\u00edficos da \u00e1rea de computa\u00e7\u00e3o cognitiva, como teoria e aplica\u00e7\u00f5es de intelig\u00eancia artificial, processamento de linguagem natural, planejamento e racioc\u00ednio de bom senso e an\u00e1lise de big data, entre outros. Poder\u00e3o participar das Chamadas pesquisadores de institui\u00e7\u00f5es de ensino superior e pesquisa no Estado de S\u00e3o Paulo. Mais detalhes sobre a apresenta\u00e7\u00e3o de projetos ser\u00e3o divulgados em edital a ser publicado proximamente.<\/p>\n<p>\u201cA parceria para selecionarmos propostas de pesquisa a serem cofinanciadas pela IBM e FAPESP abre grandes possibilidades para a comunidade cient\u00edfica de S\u00e3o Paulo interagir com pesquisadores de uma das empresas mais avan\u00e7adas em ci\u00eancia e tecnologia na \u00e1rea de sistemas cognitivos. O Laborat\u00f3rio de Pesquisa da IBM em S\u00e3o Paulo vai contribuir para o aumento da abrang\u00eancia em pesquisa desta tecnologia no Estado\u201d, diz Carlos Henrique de Brito Cruz, diretor cient\u00edfico da FAPESP.<\/p>\n<p>Para Ulisses Mello, diretor do Laborat\u00f3rio de Pesquisa da IBM Brasil, o acordo com a FAPESP consolida a miss\u00e3o da multinacional de incentivo e fomento para desenvolvimento da ci\u00eancia e tecnologia no pa\u00eds, onde h\u00e1 cinco anos a empresa instalou seu centro local de pesquisa. \u201cQueremos desenvolver um ecossistema de inova\u00e7\u00e3o em computa\u00e7\u00e3o cognitiva no Brasil pela relev\u00e2ncia e impacto do assunto na sociedade, tanto que os projetos selecionados estar\u00e3o desprendidos de qualquer compromisso com propriedade intelectual com a IBM\u201d, afirma.<\/p>\n","protected":false},"excerpt":{"rendered":"<p>Ag\u00eancia FAPESP \u2013 A FAPESP e a IBM Brasil firmaram um Acordo de Coopera\u00e7\u00e3o para compartilhar investimentos de at\u00e9 US$ 500 mil, ao longo de dez anos, a serem utilizados em projetos de pesquisa cient\u00edfica e tecnol\u00f3gica na \u00e1rea de computa\u00e7\u00e3o cognitiva em universidades e institutos de pesquisa. Um comit\u00ea conjunto formado por representantes da [&hellip;]<\/p>\n","protected":false},"author":2,"featured_media":57576,"comment_status":"open","ping_status":"closed","sticky":false,"template":"","format":"standard","meta":{"_genesis_hide_title":false,"_genesis_hide_breadcrumbs":false,"_genesis_hide_singular_image":false,"_genesis_hide_footer_widgets":false,"_genesis_custom_body_class":"","_genesis_custom_post_class":"","_genesis_layout":"","_jetpack_memberships_contains_paid_content":false,"footnotes":""},"categories":[22],"tags":[],"class_list":{"0":"post-87463","1":"post","2":"type-post","3":"status-publish","4":"format-standard","5":"has-post-thumbnail","7":"category-brasil","8":"entry","9":"gs-1","10":"gs-odd","11":"gs-even","12":"gs-featured-content-entry"},"jetpack_featured_media_url":"https:\/\/www.redenoticia.com.br\/noticia\/imagens\/tecnologia1.jpg","jetpack_sharing_enabled":true,"jetpack_likes_enabled":true,"_links":{"self":[{"href":"https:\/\/www.redenoticia.com.br\/noticia\/wp-json\/wp\/v2\/posts\/87463","targetHints":{"allow":["GET"]}}],"collection":[{"href":"https:\/\/www.redenoticia.com.br\/noticia\/wp-json\/wp\/v2\/posts"}],"about":[{"href":"https:\/\/www.redenoticia.com.br\/noticia\/wp-json\/wp\/v2\/types\/post"}],"author":[{"embeddable":true,"href":"https:\/\/www.redenoticia.com.br\/noticia\/wp-json\/wp\/v2\/users\/2"}],"replies":[{"embeddable":true,"href":"https:\/\/www.redenoticia.com.br\/noticia\/wp-json\/wp\/v2\/comments?post=87463"}],"version-history":[{"count":0,"href":"https:\/\/www.redenoticia.com.br\/noticia\/wp-json\/wp\/v2\/posts\/87463\/revisions"}],"wp:featuredmedia":[{"embeddable":true,"href":"https:\/\/www.redenoticia.com.br\/noticia\/wp-json\/wp\/v2\/media\/57576"}],"wp:attachment":[{"href":"https:\/\/www.redenoticia.com.br\/noticia\/wp-json\/wp\/v2\/media?parent=87463"}],"wp:term":[{"taxonomy":"category","embeddable":true,"href":"https:\/\/www.redenoticia.com.br\/noticia\/wp-json\/wp\/v2\/categories?post=87463"},{"taxonomy":"post_tag","embeddable":true,"href":"https:\/\/www.redenoticia.com.br\/noticia\/wp-json\/wp\/v2\/tags?post=87463"}],"curies":[{"name":"wp","href":"https:\/\/api.w.org\/{rel}","templated":true}]}}