{"id":87387,"date":"2016-06-02T10:09:40","date_gmt":"2016-06-02T13:09:40","guid":{"rendered":"http:\/\/www.redenoticia.com.br\/noticia\/?p=87387"},"modified":"2016-06-01T17:10:33","modified_gmt":"2016-06-01T20:10:33","slug":"balanca-comercial-tem-superavit-recorde-para-meses-de-maio","status":"publish","type":"post","link":"https:\/\/www.redenoticia.com.br\/noticia\/2016\/balanca-comercial-tem-superavit-recorde-para-meses-de-maio\/87387","title":{"rendered":"Balan\u00e7a comercial tem super\u00e1vit recorde para meses de maio"},"content":{"rendered":"<p> A queda das importa\u00e7\u00f5es em ritmo maior que o recuo das exporta\u00e7\u00f5es fez a <strong><em>balan\u00e7a comercial<\/em><\/strong> registrar super\u00e1vit recorde para meses de maio. No m\u00eas passado, o pa\u00eds exportou US$ 6,437 bilh\u00f5es a mais do que importou, divulgou o Minist\u00e9rio da Ind\u00fastria, Com\u00e9rcio Exterior e Servi\u00e7os.<\/p>\n<p>Nos cinco primeiros meses do ano, o Brasil exportou US$ 19,681 bilh\u00f5es a mais do que comprou do exterior. O valor tamb\u00e9m \u00e9 recorde para o per\u00edodo e equivale a quase todo o super\u00e1vit comercial do ano passado, quando a balan\u00e7a tinha registrado resultado positivo de US$ 19,69 bilh\u00f5es.<\/p>\n<p>O super\u00e1vit foi obtido porque as importa\u00e7\u00f5es continuam caindo mais que as exporta\u00e7\u00f5es. De janeiro a maio, as vendas externas totalizam US$ 73,513 bilh\u00f5es, retra\u00e7\u00e3o de 2,6% pela m\u00e9dia di\u00e1ria em rela\u00e7\u00e3o ao mesmo per\u00edodo do ano passado. As compras do exterior somam US$ 53,832 bilh\u00f5es, com queda de 30,8% pela m\u00e9dia di\u00e1ria na mesma compara\u00e7\u00e3o.<\/p>\n<p>O saldo da balan\u00e7a comercial poderia ser melhor n\u00e3o fosse a queda do pre\u00e7o das commodities, bens agr\u00edcolas e minerais com cota\u00e7\u00e3o internacional. No ano, a quantidade de mercadorias exportadas cresceu 15,8% em rela\u00e7\u00e3o aos cinco primeiros meses de 2015. Ao todo, 1.703 empresas que n\u00e3o vendiam para o exterior at\u00e9 2015 passaram a exportar este ano.<\/p>\n<p>A queda dos pre\u00e7os internacionais, no entanto, anula o crescimento do volume exportado. Em rela\u00e7\u00e3o a maio do ano passado, a soja em gr\u00e3o estava 6,1% mais barata, o pre\u00e7o do farelo de soja caiu 13,8%, e o caf\u00e9 em gr\u00e3o caiu 12,1%. No entanto, commodities que impactaram a balan\u00e7a comercial em 2015 come\u00e7aram a se recuperar. O pre\u00e7o do min\u00e9rio de ferro estava 17,4% mais alto no m\u00eas passado em rela\u00e7\u00e3o a maio de 2015.<\/p>\n<p>Wellton M\u00e1ximo \u2013 Rep\u00f3rter da Ag\u00eancia Brasil<br \/>\nEdi\u00e7\u00e3o: Denise Griesinger<br \/>\n02\/06\/2016<\/p>\n","protected":false},"excerpt":{"rendered":"<p>A queda das importa\u00e7\u00f5es em ritmo maior que o recuo das exporta\u00e7\u00f5es fez a balan\u00e7a comercial registrar super\u00e1vit recorde para meses de maio. No m\u00eas passado, o pa\u00eds exportou US$ 6,437 bilh\u00f5es a mais do que importou, divulgou o Minist\u00e9rio da Ind\u00fastria, Com\u00e9rcio Exterior e Servi\u00e7os. Nos cinco primeiros meses do ano, o Brasil exportou [&hellip;]<\/p>\n","protected":false},"author":2,"featured_media":57583,"comment_status":"open","ping_status":"closed","sticky":false,"template":"","format":"standard","meta":{"_genesis_hide_title":false,"_genesis_hide_breadcrumbs":false,"_genesis_hide_singular_image":false,"_genesis_hide_footer_widgets":false,"_genesis_custom_body_class":"","_genesis_custom_post_class":"","_genesis_layout":"","_jetpack_memberships_contains_paid_content":false,"footnotes":""},"categories":[22,7],"tags":[],"class_list":{"0":"post-87387","1":"post","2":"type-post","3":"status-publish","4":"format-standard","5":"has-post-thumbnail","7":"category-brasil","8":"category-economia","9":"entry","10":"gs-1","11":"gs-odd","12":"gs-even","13":"gs-featured-content-entry"},"jetpack_featured_media_url":"https:\/\/www.redenoticia.com.br\/noticia\/imagens\/economia-grafico.jpg","jetpack_sharing_enabled":true,"jetpack_likes_enabled":true,"_links":{"self":[{"href":"https:\/\/www.redenoticia.com.br\/noticia\/wp-json\/wp\/v2\/posts\/87387","targetHints":{"allow":["GET"]}}],"collection":[{"href":"https:\/\/www.redenoticia.com.br\/noticia\/wp-json\/wp\/v2\/posts"}],"about":[{"href":"https:\/\/www.redenoticia.com.br\/noticia\/wp-json\/wp\/v2\/types\/post"}],"author":[{"embeddable":true,"href":"https:\/\/www.redenoticia.com.br\/noticia\/wp-json\/wp\/v2\/users\/2"}],"replies":[{"embeddable":true,"href":"https:\/\/www.redenoticia.com.br\/noticia\/wp-json\/wp\/v2\/comments?post=87387"}],"version-history":[{"count":0,"href":"https:\/\/www.redenoticia.com.br\/noticia\/wp-json\/wp\/v2\/posts\/87387\/revisions"}],"wp:featuredmedia":[{"embeddable":true,"href":"https:\/\/www.redenoticia.com.br\/noticia\/wp-json\/wp\/v2\/media\/57583"}],"wp:attachment":[{"href":"https:\/\/www.redenoticia.com.br\/noticia\/wp-json\/wp\/v2\/media?parent=87387"}],"wp:term":[{"taxonomy":"category","embeddable":true,"href":"https:\/\/www.redenoticia.com.br\/noticia\/wp-json\/wp\/v2\/categories?post=87387"},{"taxonomy":"post_tag","embeddable":true,"href":"https:\/\/www.redenoticia.com.br\/noticia\/wp-json\/wp\/v2\/tags?post=87387"}],"curies":[{"name":"wp","href":"https:\/\/api.w.org\/{rel}","templated":true}]}}