{"id":87385,"date":"2016-06-02T10:08:49","date_gmt":"2016-06-02T13:08:49","guid":{"rendered":"http:\/\/www.redenoticia.com.br\/noticia\/?p=87385"},"modified":"2016-06-01T17:09:36","modified_gmt":"2016-06-01T20:09:36","slug":"ipc-s-desacelera-e-fecha-maio-com-variacao-de-064","status":"publish","type":"post","link":"https:\/\/www.redenoticia.com.br\/noticia\/2016\/ipc-s-desacelera-e-fecha-maio-com-variacao-de-064\/87385","title":{"rendered":"IPC-S desacelera e fecha maio com varia\u00e7\u00e3o de 0,64%"},"content":{"rendered":"<p> O <strong><em>\u00cdndice de Pre\u00e7os ao Consumidor Semanal<\/em><\/strong> (IPC-S) encerrou o m\u00eas de maio com varia\u00e7\u00e3o de 0,64%. O resultado \u00e9 0,04 ponto percentual menor do que o constatado na apura\u00e7\u00e3o da terceira pr\u00e9via, mas est\u00e1 0,15 ponto percentual acima do registrado no fechamento de abril (0,49%). No acumulado do ano, a taxa atingiu aumento de 4,23%, e, nos \u00faltimos 12 meses, 9,15%.<\/p>\n<p>O levantamento \u00e9 feito pelo Instituto Brasileiro de Economia da Funda\u00e7\u00e3o Getulio Vargas (Ibre\/FGV) e se refere \u00e0 pesquisa de pre\u00e7os nas seguintes capitais: Recife, Salvador, Rio de Janeiro, S\u00e3o Paulo, Belo Horizonte, Bras\u00edlia e Porto Alegre.<\/p>\n<p> Tr\u00eas dos oito grupos pesquisados tiveram decr\u00e9scimo, com destaque para sa\u00fade e cuidados pessoais (de 2,16% para 1,36%), que reflete a perda de for\u00e7a do reajuste dos medicamentos (de 5,94% para 2,83%). Em alimenta\u00e7\u00e3o, o \u00edndice passou de 0,90% para 0,77% sob o efeito das frutas cujos pre\u00e7os est\u00e3o subindo mais lentamente (de 3,67% para 1,03%). No grupo transportes, foi verificada queda de 0,42%, um pouco mais expressiva do que o recuo anterior (-0,22%).<\/p>\n<p>Em comunica\u00e7\u00e3o, o \u00edndice permaneceu em 0,29%. Nos demais grupos ocorreram avan\u00e7os: em habita\u00e7\u00e3o (de 0,48% para 0,77%), despesas diversas (de 2,67% para 3,65%), educa\u00e7\u00e3o, leitura e recrea\u00e7\u00e3o (de -0,24% para -0,13%) e vestu\u00e1rio (de 0,51% para 0,65%) .<\/p>\n<p>Os itens de maior impacto inflacion\u00e1rio foram: cigarros (6,44%); tarifa de eletricidade residencial (0,82%); batata-inglesa (26%); taxa de \u00e1gua e esgoto residencial (1,68%) e refei\u00e7\u00f5es em bares e restaurantes (0,38%).<\/p>\n<p>Entre os itens que mais ajudaram a conter a alta est\u00e3o: etanol (-6,89%); cenoura (-24%); tangerina ou mexerica (-6,70%); gasolina (0,01%) e banana-prata (-1,19%).<\/p>\n<p>Marli Moreira &#8211; Rep\u00f3rter da Ag\u00eancia Brasil<br \/>\nEdi\u00e7\u00e3o: Talita Cavalcante<br \/>\n02\/06\/2016<\/p>\n","protected":false},"excerpt":{"rendered":"<p>O \u00cdndice de Pre\u00e7os ao Consumidor Semanal (IPC-S) encerrou o m\u00eas de maio com varia\u00e7\u00e3o de 0,64%. O resultado \u00e9 0,04 ponto percentual menor do que o constatado na apura\u00e7\u00e3o da terceira pr\u00e9via, mas est\u00e1 0,15 ponto percentual acima do registrado no fechamento de abril (0,49%). No acumulado do ano, a taxa atingiu aumento de [&hellip;]<\/p>\n","protected":false},"author":2,"featured_media":57584,"comment_status":"open","ping_status":"closed","sticky":false,"template":"","format":"standard","meta":{"_genesis_hide_title":false,"_genesis_hide_breadcrumbs":false,"_genesis_hide_singular_image":false,"_genesis_hide_footer_widgets":false,"_genesis_custom_body_class":"","_genesis_custom_post_class":"","_genesis_layout":"","_jetpack_memberships_contains_paid_content":false,"footnotes":""},"categories":[22,7],"tags":[],"class_list":{"0":"post-87385","1":"post","2":"type-post","3":"status-publish","4":"format-standard","5":"has-post-thumbnail","7":"category-brasil","8":"category-economia","9":"entry","10":"gs-1","11":"gs-odd","12":"gs-even","13":"gs-featured-content-entry"},"jetpack_featured_media_url":"https:\/\/www.redenoticia.com.br\/noticia\/imagens\/economia-grafica-analise-inflacao.jpg","jetpack_sharing_enabled":true,"jetpack_likes_enabled":true,"_links":{"self":[{"href":"https:\/\/www.redenoticia.com.br\/noticia\/wp-json\/wp\/v2\/posts\/87385","targetHints":{"allow":["GET"]}}],"collection":[{"href":"https:\/\/www.redenoticia.com.br\/noticia\/wp-json\/wp\/v2\/posts"}],"about":[{"href":"https:\/\/www.redenoticia.com.br\/noticia\/wp-json\/wp\/v2\/types\/post"}],"author":[{"embeddable":true,"href":"https:\/\/www.redenoticia.com.br\/noticia\/wp-json\/wp\/v2\/users\/2"}],"replies":[{"embeddable":true,"href":"https:\/\/www.redenoticia.com.br\/noticia\/wp-json\/wp\/v2\/comments?post=87385"}],"version-history":[{"count":0,"href":"https:\/\/www.redenoticia.com.br\/noticia\/wp-json\/wp\/v2\/posts\/87385\/revisions"}],"wp:featuredmedia":[{"embeddable":true,"href":"https:\/\/www.redenoticia.com.br\/noticia\/wp-json\/wp\/v2\/media\/57584"}],"wp:attachment":[{"href":"https:\/\/www.redenoticia.com.br\/noticia\/wp-json\/wp\/v2\/media?parent=87385"}],"wp:term":[{"taxonomy":"category","embeddable":true,"href":"https:\/\/www.redenoticia.com.br\/noticia\/wp-json\/wp\/v2\/categories?post=87385"},{"taxonomy":"post_tag","embeddable":true,"href":"https:\/\/www.redenoticia.com.br\/noticia\/wp-json\/wp\/v2\/tags?post=87385"}],"curies":[{"name":"wp","href":"https:\/\/api.w.org\/{rel}","templated":true}]}}