{"id":87382,"date":"2016-06-02T10:07:38","date_gmt":"2016-06-02T13:07:38","guid":{"rendered":"http:\/\/www.redenoticia.com.br\/noticia\/?p=87382"},"modified":"2016-06-01T17:08:45","modified_gmt":"2016-06-01T20:08:45","slug":"economia-brasileira-tem-retracao-de-03-no-primeiro-trimestre-de-2016","status":"publish","type":"post","link":"https:\/\/www.redenoticia.com.br\/noticia\/2016\/economia-brasileira-tem-retracao-de-03-no-primeiro-trimestre-de-2016\/87382","title":{"rendered":"Economia brasileira tem retra\u00e7\u00e3o de 0,3% no primeiro trimestre de 2016"},"content":{"rendered":"<p> O <strong><em>Produto Interno Bruto<\/em><\/strong> (PIB) \u2013 soma de todos os bens e servi\u00e7os produzidos no pa\u00eds \u2013 fechou o primeiro trimestre do ano em queda de 0,3% na s\u00e9rie sem ajuste sazonal, somando R$ 1,47 trilh\u00e3o em valores correntes. O resultado \u00e9 a quinta queda consecutiva nesta base de compara\u00e7\u00e3o.<\/p>\n<p>Em rela\u00e7\u00e3o aos quatro \u00faltimos trimestres, encerrados em mar\u00e7o, a queda acumulada foi de 4,7%, a maior retra\u00e7\u00e3o para o acumulado em 12 meses desde 1996.<\/p>\n<p>No ano passado, o PIB havia fechado em queda de 3,8%, a maior desde o in\u00edcio da s\u00e9rie hist\u00f3rica. Os dados relativos aos tr\u00eas primeiros meses da economia brasileira foram divulgados hoje (1\u00ba) pelo Instituto Brasileiro de Geografia e Estat\u00edstica (IBGE) e indicam que, na compara\u00e7\u00e3o com o mesmo per\u00edodo do ano passado, acumulou queda de 5,4%, a oitava queda consecutiva nesse tipo de compara\u00e7\u00e3o.<\/p>\n<p>A queda do PIB no primeiro trimestre reflete retra\u00e7\u00f5es em praticamente todos os setores da economia, com destaque para Forma\u00e7\u00e3o Bruta de Capital Fixo (investimento em bens de capital), com queda de 2,7%, na compara\u00e7\u00e3o com o trimestre anterior. Em seguida vem a ind\u00fastra com -1,2%, a agropecu\u00e1ria com -0,3 e servi\u00e7os com queda de 0,2%. Por sua vez, o consumo das fam\u00edlias fechou com retra\u00e7\u00e3o de 1,7%. A exce\u00e7\u00e3o foi o consumo do governo que fechou positivo em 1,1%.<\/p>\n<p>\u201cA conjuntura atual retrata a redu\u00e7\u00e3o do consumo das fam\u00edlias, a piora nos indicadores de renda e emprego, a Selic [taxa b\u00e1sica de juros] e a infla\u00e7\u00e3o variando na casa dos 3%. J\u00e1 pelo lado dos investimentos, est\u00e1 havendo queda nas importa\u00e7\u00f5es de m\u00e1quinas e equipamentos, o que contribui para a retra\u00e7\u00e3o dos investimentos: porque se est\u00e1 produzindo menos, e tamb\u00e9m o desempenho negativo da constru\u00e7\u00e3o civil. \u00c9 uma conjuntura que contribui para este desempenho negativo da economia no longo prazo\u201d, disse a t\u00e9cnica do IBGE, Amanda Tavares.<\/p>\n<p>Setores<\/p>\n<p>A maior contribui\u00e7\u00e3o para a queda de 1,2% no setor industrial veio da ind\u00fastria extrativa mineral, com retra\u00e7\u00e3o de 1,1%, enquanto a ind\u00fastria de transforma\u00e7\u00e3o recuou 0,3% e fechou o per\u00edodo com o sexto resultado trimestral negativo consecutivo. Na constru\u00e7\u00e3o, houve queda de 1%. J\u00e1 nas atividades de eletricidade e g\u00e1s, \u00e1gua, esgoto e limpeza urbana houve crescimento de 1,9%.<\/p>\n<p>Em rela\u00e7\u00e3o \u00e0s despesas, o recuo de 2,7% na forma\u00e7\u00e3o bruta de capital fixo \u00e9 o d\u00e9cimo consecutivo nesta base de compara\u00e7\u00e3o. J\u00e1 a despesa de consumo das fam\u00edlias (-1,7%) caiu pelo quinto trimestre seguido.<\/p>\n<p>No setor de servi\u00e7os, a retra\u00e7\u00e3o de 0,2% reflete o comportamento negativo do com\u00e9rcio (-1%), de intermedia\u00e7\u00e3o financeira e seguros (-0,8%) e dos servi\u00e7os de informa\u00e7\u00e3o (-0,7%), justamente os que apresentaram as maiores quedas em rela\u00e7\u00e3o ao trimestre imediatamente anterior.<\/p>\n<p>No que se refere ao setor externo, as exporta\u00e7\u00f5es de bens e servi\u00e7os tiveram expans\u00e3o de 6,5%, enquanto que as importa\u00e7\u00f5es de bens e servi\u00e7os recuaram 5,6%.<\/p>\n<p>1\u00ba trimestre de 2015<\/p>\n<p>O PIB do 1\u00ba trimestre deste ano fechou com queda de 5,4%, quando comparado a igual per\u00edodo do ano anterior. \u00c9 o oitavo resultado negativo consecutivo nesta base de compara\u00e7\u00e3o. Os setores determinantes para a queda foram ind\u00fastria e servi\u00e7os.<\/p>\n<p>Nesse per\u00edodo, o recuo na ind\u00fastria foi de 7,3%, puxada pela ind\u00fastria de transforma\u00e7\u00e3o (queda de 10,5%). Houve queda tamb\u00e9m no desempenho da ind\u00fastria automotiva e outros equipamentos de transporte, produtos metal\u00fargicos, produtos de metal, produtos de borracha e material pl\u00e1stico, eletroeletr\u00f4nicos e equipamentos de inform\u00e1tica e m\u00f3veis.<\/p>\n<p>\u201cA deteriora\u00e7\u00e3o dos indicadores de infla\u00e7\u00e3o, juros, cr\u00e9dito, emprego e renda levou a que no 1\u00ba trimestre deste ano as despesas de consumo das fam\u00edlias fechasse em queda de 6,3%, enquanto a forma\u00e7\u00e3o bruta de capital fixo caiu 17,5%, a oitava queda consecutiva. Este recuo \u00e9 justificado, principalmente, pela queda das importa\u00e7\u00f5es e da produ\u00e7\u00e3o interna de bens de capital\u201d, disse Amanda Tavares.<\/p>\n<p>Agropecu\u00e1ria<\/p>\n<p>Nos primeiros tr\u00eas meses do ano, o setor agropecu\u00e1rio caiu 0,3%. O setor \u00e9 considerado um dos mais importantes para recupera\u00e7\u00e3o do PIB. Na compara\u00e7\u00e3o com o 1\u00ba trimestre do ano passado, a queda foi de 5,4% e no acumulado dos \u00faltimos quatro trimestres, 4,7%.<\/p>\n<p>Na avalia\u00e7\u00e3o da gerente das Contas Nacionais Trimestrais do IBGE, Claudia Dion\u00edsio, o resultado negativo no in\u00edcio deste ano decorre das previs\u00f5es de uma safra menor para 2016, conforme vem sendo apontado pelo \u00faltimo Levantamento Sistem\u00e1tico da Produ\u00e7\u00e3o Agr\u00edcola (LSDA) divulgado pelo instituto.<\/p>\n<p>\u201cA agropecu\u00e1ria n\u00e3o teve um desempenho t\u00e3o bom [nestas \u00faltimas proje\u00e7\u00f5es], porque uma cultura como a soja, que tem peso importante para o setor, vem indicando perda de produtividade, apesar da expectativa de crescimento de 1,3% para 2016. Al\u00e9m do mais o crescimento \u00e9 bem menor do que em anos anteriores\u201d, disse Claudia Dion\u00edsio.<\/p>\n<p>Nielmar de Oliveira \u2013 Rep\u00f3rter da Ag\u00eancia Brasil<br \/>\nEdi\u00e7\u00e3o: Denise Griesinger<br \/>\n02\/06\/2016<\/p>\n","protected":false},"excerpt":{"rendered":"<p>O Produto Interno Bruto (PIB) \u2013 soma de todos os bens e servi\u00e7os produzidos no pa\u00eds \u2013 fechou o primeiro trimestre do ano em queda de 0,3% na s\u00e9rie sem ajuste sazonal, somando R$ 1,47 trilh\u00e3o em valores correntes. O resultado \u00e9 a quinta queda consecutiva nesta base de compara\u00e7\u00e3o. Em rela\u00e7\u00e3o aos quatro \u00faltimos [&hellip;]<\/p>\n","protected":false},"author":2,"featured_media":38938,"comment_status":"open","ping_status":"closed","sticky":false,"template":"","format":"standard","meta":{"_genesis_hide_title":false,"_genesis_hide_breadcrumbs":false,"_genesis_hide_singular_image":false,"_genesis_hide_footer_widgets":false,"_genesis_custom_body_class":"","_genesis_custom_post_class":"","_genesis_layout":"","_jetpack_memberships_contains_paid_content":false,"footnotes":""},"categories":[22,7],"tags":[],"class_list":{"0":"post-87382","1":"post","2":"type-post","3":"status-publish","4":"format-standard","5":"has-post-thumbnail","7":"category-brasil","8":"category-economia","9":"entry","10":"gs-1","11":"gs-odd","12":"gs-even","13":"gs-featured-content-entry"},"jetpack_featured_media_url":"https:\/\/www.redenoticia.com.br\/noticia\/imagens\/economia1.jpg","jetpack_sharing_enabled":true,"jetpack_likes_enabled":true,"_links":{"self":[{"href":"https:\/\/www.redenoticia.com.br\/noticia\/wp-json\/wp\/v2\/posts\/87382","targetHints":{"allow":["GET"]}}],"collection":[{"href":"https:\/\/www.redenoticia.com.br\/noticia\/wp-json\/wp\/v2\/posts"}],"about":[{"href":"https:\/\/www.redenoticia.com.br\/noticia\/wp-json\/wp\/v2\/types\/post"}],"author":[{"embeddable":true,"href":"https:\/\/www.redenoticia.com.br\/noticia\/wp-json\/wp\/v2\/users\/2"}],"replies":[{"embeddable":true,"href":"https:\/\/www.redenoticia.com.br\/noticia\/wp-json\/wp\/v2\/comments?post=87382"}],"version-history":[{"count":0,"href":"https:\/\/www.redenoticia.com.br\/noticia\/wp-json\/wp\/v2\/posts\/87382\/revisions"}],"wp:featuredmedia":[{"embeddable":true,"href":"https:\/\/www.redenoticia.com.br\/noticia\/wp-json\/wp\/v2\/media\/38938"}],"wp:attachment":[{"href":"https:\/\/www.redenoticia.com.br\/noticia\/wp-json\/wp\/v2\/media?parent=87382"}],"wp:term":[{"taxonomy":"category","embeddable":true,"href":"https:\/\/www.redenoticia.com.br\/noticia\/wp-json\/wp\/v2\/categories?post=87382"},{"taxonomy":"post_tag","embeddable":true,"href":"https:\/\/www.redenoticia.com.br\/noticia\/wp-json\/wp\/v2\/tags?post=87382"}],"curies":[{"name":"wp","href":"https:\/\/api.w.org\/{rel}","templated":true}]}}