{"id":87307,"date":"2016-06-01T10:24:40","date_gmt":"2016-06-01T13:24:40","guid":{"rendered":"http:\/\/www.redenoticia.com.br\/noticia\/?p=87307"},"modified":"2016-05-31T18:25:24","modified_gmt":"2016-05-31T21:25:24","slug":"vendas-nos-supermercados-aumentam-no-primeiro-quadrimestre-diz-associacao","status":"publish","type":"post","link":"https:\/\/www.redenoticia.com.br\/noticia\/2016\/vendas-nos-supermercados-aumentam-no-primeiro-quadrimestre-diz-associacao\/87307","title":{"rendered":"Vendas nos supermercados aumentam no primeiro quadrimestre, diz associa\u00e7\u00e3o"},"content":{"rendered":"<p>  As <strong><em>vendas dos supermercados<\/em><\/strong> tiveram alta de 0,24% no acumulado do primeiro quadrimestre deste ano, comparadas a igual per\u00edodo do ano passado. Em valores reais, os neg\u00f3cios em abril foram 5,87% menores do que em mar\u00e7o e 2,5% abaixo do mesmo m\u00eas de 2015.<\/p>\n<p>Os dados s\u00e3o da pesquisa em torno do \u00cdndice Nacional de Vendas da Associa\u00e7\u00e3o Brasileira de Supermercados (Abras) e todas as varia\u00e7\u00f5es j\u00e1 t\u00eam descontadas o efeito inflacion\u00e1rio com base do \u00cdndice Nacional de Pre\u00e7os ao Consumidor Amplo (IPCA), medido pelo Instituto Brasileiro de Geografia e Estat\u00edstica (IBGE).<\/p>\n<p>Em valores normais, as vendas ca\u00edram 5,29% sobre mar\u00e7o. Mas j\u00e1 em compara\u00e7\u00e3o a abril do ano passado, houve uma alta de 6,54% e, no cumulado do ano, uma expans\u00e3o de 10,22%.<\/p>\n<p>O presidente da Abras, Sussumu Honda observou que o recuo \u00e9 efeito da sazonalidade, j\u00e1 que as vendas de P\u00e1scoa, que, tradicionalmente, ocorrem em abril, neste ano foram concentradas em mar\u00e7o. Segundo Honda, o resultado do momento \u00e9 uma estabilidade, mas ele acha prematuro apontar tend\u00eancia de crescimento, embora se mostre otimista com a possibilidade de uma retomada das atividades no pa\u00eds.<\/p>\n<p>\u201cAinda h\u00e1 muitas expectativas em rela\u00e7\u00e3o \u00e0 pol\u00edtica econ\u00f4mica, com a mudan\u00e7a de governo e com a espera de um duro ajuste fiscal; mas os resultados dos \u00faltimos dois meses parecem nos dar alguns ind\u00edcios de que come\u00e7amos a encontrar o caminho do crescimento outra vez\u201d, disse o executivo.<\/p>\n<p>Sussumu Honda afirmou que o bom desempenho de alguns segmentos como o agroneg\u00f3cio, principalmente no que se refere \u00e0 exporta\u00e7\u00e3o de commodities (produtos prim\u00e1rios com cota\u00e7\u00e3o internacional) tem ajudado a contornar a queda de demanda.<\/p>\n<p>Pre\u00e7os da Cesta B\u00e1sica sobem acima da infla\u00e7\u00e3o<\/p>\n<p>O levantamento, feito em parceria da Abras com a empresa de pesquisa de mercado GFK, indica que o pre\u00e7o dos 35 produtos mais consumidos subiram em m\u00e9dia 0,9%, passando de R$ 461,12 (em mar\u00e7o) para R$ 465,28 (em abril). Essa taxa foi superior ao IPCA do per\u00edodo (0,61%).<\/p>\n<p>Em compara\u00e7\u00e3o a abril do ano passado, a cesta ficou 17,36% mais cara. Entre as maiores altas est\u00e1 a batata, com 17,36% de corre\u00e7\u00e3o sobre mar\u00e7o. No acumulado de janeiro a abril, o pre\u00e7o m\u00e9dio desse produto subiu 31,25% e, em 12 meses, 61,12%. A segunda maior eleva\u00e7\u00e3o foi o leite longa vida com 9,85% sobre mar\u00e7o; 19,44% no ano e 28,37% em 12 meses.<\/p>\n<p>A pesquisa mostra que a eleva\u00e7\u00e3o da cesta teve influ\u00eancia tamb\u00e9m dos produtos de higiene pessoal cujos pre\u00e7os aumentaram em m\u00e9dia 5,96% sobre mar\u00e7o; 6,84% no ano e 22,3% em 12 meses.<\/p>\n<p>Os tr\u00eas itens em queda sobre mar\u00e7o foram o tomate (-15,15%), o ovo (-4,48%) e a carne do traseiro (-3,61%).<\/p>\n<p>Por regi\u00e3o, os estados do Sudeste foram as localidades com a maior alta (2,86%) e valor m\u00e9dio de R$ 451,04. O Nordeste aparece com varia\u00e7\u00e3o de 2,25% e valor de R$ 412,70. No Sul, a cesta ficou 0,33% mais cara, passando para R$ 503,13 e o Norte, que teve o valor mais elevado, de R$ 504,76, apresentou recuo sobre mar\u00e7o de 0,24%. Tamb\u00e9m ocorreu ligeira redu\u00e7\u00e3o na regi\u00e3o Centro-oeste (-0,28%) com valor de R$ 446,13.<\/p>\n<p>Marli Moreira \u2013 Rep\u00f3rter da Ag\u00eancia Brasil<br \/>\nEdi\u00e7\u00e3o: Maria Claudia<br \/>\n01\/06\/2016<\/p>\n","protected":false},"excerpt":{"rendered":"<p>As vendas dos supermercados tiveram alta de 0,24% no acumulado do primeiro quadrimestre deste ano, comparadas a igual per\u00edodo do ano passado. Em valores reais, os neg\u00f3cios em abril foram 5,87% menores do que em mar\u00e7o e 2,5% abaixo do mesmo m\u00eas de 2015. Os dados s\u00e3o da pesquisa em torno do \u00cdndice Nacional de [&hellip;]<\/p>\n","protected":false},"author":2,"featured_media":57583,"comment_status":"open","ping_status":"closed","sticky":false,"template":"","format":"standard","meta":{"_genesis_hide_title":false,"_genesis_hide_breadcrumbs":false,"_genesis_hide_singular_image":false,"_genesis_hide_footer_widgets":false,"_genesis_custom_body_class":"","_genesis_custom_post_class":"","_genesis_layout":"","_jetpack_memberships_contains_paid_content":false,"footnotes":""},"categories":[22,7],"tags":[],"class_list":{"0":"post-87307","1":"post","2":"type-post","3":"status-publish","4":"format-standard","5":"has-post-thumbnail","7":"category-brasil","8":"category-economia","9":"entry","10":"gs-1","11":"gs-odd","12":"gs-even","13":"gs-featured-content-entry"},"jetpack_featured_media_url":"https:\/\/www.redenoticia.com.br\/noticia\/imagens\/economia-grafico.jpg","jetpack_sharing_enabled":true,"jetpack_likes_enabled":true,"_links":{"self":[{"href":"https:\/\/www.redenoticia.com.br\/noticia\/wp-json\/wp\/v2\/posts\/87307","targetHints":{"allow":["GET"]}}],"collection":[{"href":"https:\/\/www.redenoticia.com.br\/noticia\/wp-json\/wp\/v2\/posts"}],"about":[{"href":"https:\/\/www.redenoticia.com.br\/noticia\/wp-json\/wp\/v2\/types\/post"}],"author":[{"embeddable":true,"href":"https:\/\/www.redenoticia.com.br\/noticia\/wp-json\/wp\/v2\/users\/2"}],"replies":[{"embeddable":true,"href":"https:\/\/www.redenoticia.com.br\/noticia\/wp-json\/wp\/v2\/comments?post=87307"}],"version-history":[{"count":0,"href":"https:\/\/www.redenoticia.com.br\/noticia\/wp-json\/wp\/v2\/posts\/87307\/revisions"}],"wp:featuredmedia":[{"embeddable":true,"href":"https:\/\/www.redenoticia.com.br\/noticia\/wp-json\/wp\/v2\/media\/57583"}],"wp:attachment":[{"href":"https:\/\/www.redenoticia.com.br\/noticia\/wp-json\/wp\/v2\/media?parent=87307"}],"wp:term":[{"taxonomy":"category","embeddable":true,"href":"https:\/\/www.redenoticia.com.br\/noticia\/wp-json\/wp\/v2\/categories?post=87307"},{"taxonomy":"post_tag","embeddable":true,"href":"https:\/\/www.redenoticia.com.br\/noticia\/wp-json\/wp\/v2\/tags?post=87307"}],"curies":[{"name":"wp","href":"https:\/\/api.w.org\/{rel}","templated":true}]}}