{"id":87305,"date":"2016-06-01T10:23:15","date_gmt":"2016-06-01T13:23:15","guid":{"rendered":"http:\/\/www.redenoticia.com.br\/noticia\/?p=87305"},"modified":"2016-05-31T18:24:34","modified_gmt":"2016-05-31T21:24:34","slug":"consumo-de-eletricidade-volta-a-subir-depois-de-14-meses-em-queda","status":"publish","type":"post","link":"https:\/\/www.redenoticia.com.br\/noticia\/2016\/consumo-de-eletricidade-volta-a-subir-depois-de-14-meses-em-queda\/87305","title":{"rendered":"Consumo de eletricidade volta a subir depois de 14 meses em queda"},"content":{"rendered":"<p> O <strong><em>consumo de energia el\u00e9trica<\/em><\/strong> no pa\u00eds registrou alta de 1,4% em abril, em rela\u00e7\u00e3o ao mesmo m\u00eas do ano passado, somando 40.076 gigawatts-hora (GWh). Os dados s\u00e3o da Resenha Mensal do Mercado de Energia El\u00e9trica divulgada pela Empresa de Pesquisa Energ\u00e9tica (EPE).<\/p>\n<p>Esta \u00e9 a primeira alta no consumo de eletricidade desde fevereiro de 2015. A alta foi puxada pelo aumento em v\u00e1rias regi\u00f5es do pa\u00eds, o que levou ao crescimento na demanda das classes residencial e comercial, que expandiram, respectivamente, 7,5% e 1,7%, sendo as que mais contribu\u00edram para a alta do \u00edndice geral.<\/p>\n<p>O consumo no setor da ind\u00fastria continua em queda, tendo fechado em abril com retra\u00e7\u00e3o de 4,8%, registrando uma queda mais suave do que as observadas nos meses anteriores, principalmente em decorr\u00eancia das regi\u00f5es Norte e Centro-Oeste, ambas com crescimento do consumo de, respectivamente, 2,5% e 3,1%. O consumo na classe baixa tens\u00e3o, no entanto, cresceu em todas as regi\u00f5es do pa\u00eds, com destaque para o Sudeste.<\/p>\n<p>Na avalia\u00e7\u00e3o da EPE, o aumento de 7,5% no consumo da classe residencial (11.772 Gwh), em abril, foi consequ\u00eancia ao efeito de altas temperaturas, fator que j\u00e1 havia sido relevante para o resultado de mar\u00e7o (+1,7%).<\/p>\n<p>\u201cEmbora as vendas de aparelhos de ar condicionado tenham registrado queda no \u00faltimo ano (-19%), segundo dados da Associa\u00e7\u00e3o Brasileira de Refrigera\u00e7\u00e3o, Ar Condicionado, Ventila\u00e7\u00e3o e Aquecimento (Abrava), o desconforto causado pelas altas temperaturas no m\u00eas levou \u00e0 intensifica\u00e7\u00e3o do uso dos equipamentos nos domic\u00edlios, mesmo com o alto custo da energia el\u00e9trica no or\u00e7amento familiar. Com isso, o consumo por domic\u00edlio teve crescimento de 4,8% no m\u00eas\u201d, informa a associa\u00e7\u00e3o.<\/p>\n<p>A maior contribui\u00e7\u00e3o para o crescimento do consumo residencial veio da regi\u00e3o Sudeste (+9,2%), com S\u00e3o Paulo e Rio de Janeiro, os maiores mercados do pa\u00eds, que representam cerca de 40% do consumo total da classe residencial, assinalando crescimento de 9,7% e 12,2%, respectivamente.<\/p>\n<p>Com\u00e9rcio<\/p>\n<p>A EPE constatou que na classe comercial comercial a temperatura tamb\u00e9m exerceu influ\u00eancia sobre o consumo, por\u00e9m o uso mais cont\u00ednuo dos aparelhos de climatiza\u00e7\u00e3o nos estabelecimentos fez com que o impacto no consumo seja menor do que na classe residencial. O consumo de 8.058 GWh nos estabelecimentos de com\u00e9rcio e de servi\u00e7os resultou no crescimento de 1,7%. Desde setembro, o consumo mensal na classe n\u00e3o superava o do ano anterior.<\/p>\n<p>Ind\u00fastria<\/p>\n<p>A contra\u00e7\u00e3o prolongada da economia continuou a influenciar negativamente o consumo industrial do pa\u00eds, que fechou abril ainda com resultado negativo frente ao m\u00eas imediatamente anterior: queda de 4,8%. A demanda do setor totalizou 13.889 Gwh. No acumulado do ano, a queda do consumo industrial de energia j\u00e1 acumula retra\u00e7\u00e3o de 6,8%, enquanto que no acumulado de 12 meses, a queda est\u00e1 em 6,2%.<\/p>\n<p>A EPE ressalta, por\u00e9m, que apesar dos indicadores industriais continuarem negativos, a retra\u00e7\u00e3o de abril n\u00e3o foi t\u00e3o intensa \u201cquanto as registradas nos dois \u00faltimos trimestres\u201d (m\u00e9dia de -7,6%).<\/p>\n<p>Revis\u00e3o<\/p>\n<p>A Empresa de Pesquisa Energ\u00e9tica e o Operador Nacional do Sistema El\u00e9trico (ONS) revisaram, na resenha de abril, as proje\u00e7\u00f5es do consumo de eletricidade na rede e da carga no Sistema Interligado Nacional (SIN) para o pr\u00f3ximo quinqu\u00eanio.<\/p>\n<p>A nova proje\u00e7\u00e3o, intitulada \u201c1\u00aa Revis\u00e3o Quadrimestral das Proje\u00e7\u00f5es da Demanda de Energia El\u00e9trica do SIN 2016-2020\u201d, as proje\u00e7\u00f5es de consumo apresentam, em m\u00e9dia, redu\u00e7\u00e3o de 1,6% da perspectiva de consumo para os pr\u00f3ximos 5 anos.<\/p>\n<p>Com a revis\u00e3o, o consumo inicialmente previsto na nota t\u00e9cnica de dezembro de 2015, de 551 terawatts-hora (Twh) at\u00e9 2020, agora \u00e9 estimado em 542 TWh, diferen\u00e7a de aproximadamente -1,6%. \u201cDentre os fatores que nortearam a revis\u00e3o destaca-se, majoritariamente, o agravamento do cen\u00e1rio macroecon\u00f4mico e setorial, em especial no curto prazo\u201d. Ainda segundo a EPE, \u201cesperam-se ajustes fiscais e reprograma\u00e7\u00f5es de investimentos setoriais ao longo do per\u00edodo, postergando a retomada de crescimento para o final do horizonte\u201d.<\/p>\n<p>&#8220;Com isso, ganha, na nova proje\u00e7\u00e3o, o ganha consumo de baixa tens\u00e3o (residencial, comercial e de servi\u00e7os) ganha uma maior relev\u00e2ncia para o consumo de eletricidade na rede \u201cface ao recuo previsto para a atividade industrial nos pr\u00f3ximos anos.\u201d<\/p>\n<p>Nielmar de OLiveira \u2013 Rep\u00f3rter da Ag\u00eancia Brasil<br \/>\nEdi\u00e7\u00e3o: Maria Claudia<br \/>\n01\/06\/2016<\/p>\n","protected":false},"excerpt":{"rendered":"<p>O consumo de energia el\u00e9trica no pa\u00eds registrou alta de 1,4% em abril, em rela\u00e7\u00e3o ao mesmo m\u00eas do ano passado, somando 40.076 gigawatts-hora (GWh). Os dados s\u00e3o da Resenha Mensal do Mercado de Energia El\u00e9trica divulgada pela Empresa de Pesquisa Energ\u00e9tica (EPE). Esta \u00e9 a primeira alta no consumo de eletricidade desde fevereiro de [&hellip;]<\/p>\n","protected":false},"author":2,"featured_media":57585,"comment_status":"open","ping_status":"closed","sticky":false,"template":"","format":"standard","meta":{"_genesis_hide_title":false,"_genesis_hide_breadcrumbs":false,"_genesis_hide_singular_image":false,"_genesis_hide_footer_widgets":false,"_genesis_custom_body_class":"","_genesis_custom_post_class":"","_genesis_layout":"","_jetpack_memberships_contains_paid_content":false,"footnotes":""},"categories":[22,7],"tags":[],"class_list":{"0":"post-87305","1":"post","2":"type-post","3":"status-publish","4":"format-standard","5":"has-post-thumbnail","7":"category-brasil","8":"category-economia","9":"entry","10":"gs-1","11":"gs-odd","12":"gs-even","13":"gs-featured-content-entry"},"jetpack_featured_media_url":"https:\/\/www.redenoticia.com.br\/noticia\/imagens\/analise-economia.jpg","jetpack_sharing_enabled":true,"jetpack_likes_enabled":true,"_links":{"self":[{"href":"https:\/\/www.redenoticia.com.br\/noticia\/wp-json\/wp\/v2\/posts\/87305","targetHints":{"allow":["GET"]}}],"collection":[{"href":"https:\/\/www.redenoticia.com.br\/noticia\/wp-json\/wp\/v2\/posts"}],"about":[{"href":"https:\/\/www.redenoticia.com.br\/noticia\/wp-json\/wp\/v2\/types\/post"}],"author":[{"embeddable":true,"href":"https:\/\/www.redenoticia.com.br\/noticia\/wp-json\/wp\/v2\/users\/2"}],"replies":[{"embeddable":true,"href":"https:\/\/www.redenoticia.com.br\/noticia\/wp-json\/wp\/v2\/comments?post=87305"}],"version-history":[{"count":0,"href":"https:\/\/www.redenoticia.com.br\/noticia\/wp-json\/wp\/v2\/posts\/87305\/revisions"}],"wp:featuredmedia":[{"embeddable":true,"href":"https:\/\/www.redenoticia.com.br\/noticia\/wp-json\/wp\/v2\/media\/57585"}],"wp:attachment":[{"href":"https:\/\/www.redenoticia.com.br\/noticia\/wp-json\/wp\/v2\/media?parent=87305"}],"wp:term":[{"taxonomy":"category","embeddable":true,"href":"https:\/\/www.redenoticia.com.br\/noticia\/wp-json\/wp\/v2\/categories?post=87305"},{"taxonomy":"post_tag","embeddable":true,"href":"https:\/\/www.redenoticia.com.br\/noticia\/wp-json\/wp\/v2\/tags?post=87305"}],"curies":[{"name":"wp","href":"https:\/\/api.w.org\/{rel}","templated":true}]}}