{"id":87303,"date":"2016-06-01T10:21:17","date_gmt":"2016-06-01T13:21:17","guid":{"rendered":"http:\/\/www.redenoticia.com.br\/noticia\/?p=87303"},"modified":"2016-05-31T18:23:11","modified_gmt":"2016-05-31T21:23:11","slug":"receita-regulamenta-reducao-da-aliquota-de-imposto-sobre-remessas-ao-exterior","status":"publish","type":"post","link":"https:\/\/www.redenoticia.com.br\/noticia\/2016\/receita-regulamenta-reducao-da-aliquota-de-imposto-sobre-remessas-ao-exterior\/87303","title":{"rendered":"Receita regulamenta redu\u00e7\u00e3o da al\u00edquota de imposto sobre remessas ao exterior"},"content":{"rendered":"<p> A Receita Federal publicou no Di\u00e1rio Oficial da Uni\u00e3o instru\u00e7\u00e3o normativa que disciplina a redu\u00e7\u00e3o da al\u00edquota do Imposto de Renda Retido na Fonte (IRRF) incidente sobre a <strong><em>remessa de valores<\/em><\/strong> destinados \u00e0 cobertura de gastos pessoais, no exterior, de pessoas f\u00edsicas residentes no pa\u00eds, em viagens de turismo, neg\u00f3cios, servi\u00e7os, treinamento ou miss\u00f5es oficiais.<\/p>\n<p>A redu\u00e7\u00e3o de 25% para 6% do imposto incidente sobre os valores remetidos ao exterior para o pagamento de pacotes de viagens est\u00e1 prevista na Medida Provis\u00f3ria n\u00ba 713, publicada em 1\u00ba de mar\u00e7o. A instru\u00e7\u00e3o normativa disciplina a nova regra e estabelece os procedimentos que devem ser adotados pelas operadoras e ag\u00eancias de viagens para o aproveitamento da redu\u00e7\u00e3o.<\/p>\n<p>De acordo com a Receita Federal, a redu\u00e7\u00e3o do imposto est\u00e1 limitada ao valor mensal de R$ 20 mil, exceto para as operadoras e ag\u00eancias de viagem, que podem utilizar a redu\u00e7\u00e3o em remessas de qualquer valor.<\/p>\n<p>A Receita informou tamb\u00e9m que a mesma instru\u00e7\u00e3o normativa regulamenta a isen\u00e7\u00e3o de imposto incidente sobre remessas ao exterior para pagamento de servi\u00e7os de natureza educacional ou de despesa m\u00e9dica.<\/p>\n<p>Da Ag\u00eancia Brasil<br \/>\nEdi\u00e7\u00e3o: L\u00edlian Beraldo<br \/>\n01\/06\/2016<\/p>\n","protected":false},"excerpt":{"rendered":"<p>A Receita Federal publicou no Di\u00e1rio Oficial da Uni\u00e3o instru\u00e7\u00e3o normativa que disciplina a redu\u00e7\u00e3o da al\u00edquota do Imposto de Renda Retido na Fonte (IRRF) incidente sobre a remessa de valores destinados \u00e0 cobertura de gastos pessoais, no exterior, de pessoas f\u00edsicas residentes no pa\u00eds, em viagens de turismo, neg\u00f3cios, servi\u00e7os, treinamento ou miss\u00f5es oficiais. [&hellip;]<\/p>\n","protected":false},"author":2,"featured_media":23889,"comment_status":"open","ping_status":"closed","sticky":false,"template":"","format":"standard","meta":{"_genesis_hide_title":false,"_genesis_hide_breadcrumbs":false,"_genesis_hide_singular_image":false,"_genesis_hide_footer_widgets":false,"_genesis_custom_body_class":"","_genesis_custom_post_class":"","_genesis_layout":"","_jetpack_memberships_contains_paid_content":false,"footnotes":""},"categories":[22,7],"tags":[],"class_list":{"0":"post-87303","1":"post","2":"type-post","3":"status-publish","4":"format-standard","5":"has-post-thumbnail","7":"category-brasil","8":"category-economia","9":"entry","10":"gs-1","11":"gs-odd","12":"gs-even","13":"gs-featured-content-entry"},"jetpack_featured_media_url":"https:\/\/www.redenoticia.com.br\/noticia\/imagens\/receita-federal-irpf-2010.jpg","jetpack_sharing_enabled":true,"jetpack_likes_enabled":true,"_links":{"self":[{"href":"https:\/\/www.redenoticia.com.br\/noticia\/wp-json\/wp\/v2\/posts\/87303","targetHints":{"allow":["GET"]}}],"collection":[{"href":"https:\/\/www.redenoticia.com.br\/noticia\/wp-json\/wp\/v2\/posts"}],"about":[{"href":"https:\/\/www.redenoticia.com.br\/noticia\/wp-json\/wp\/v2\/types\/post"}],"author":[{"embeddable":true,"href":"https:\/\/www.redenoticia.com.br\/noticia\/wp-json\/wp\/v2\/users\/2"}],"replies":[{"embeddable":true,"href":"https:\/\/www.redenoticia.com.br\/noticia\/wp-json\/wp\/v2\/comments?post=87303"}],"version-history":[{"count":0,"href":"https:\/\/www.redenoticia.com.br\/noticia\/wp-json\/wp\/v2\/posts\/87303\/revisions"}],"wp:featuredmedia":[{"embeddable":true,"href":"https:\/\/www.redenoticia.com.br\/noticia\/wp-json\/wp\/v2\/media\/23889"}],"wp:attachment":[{"href":"https:\/\/www.redenoticia.com.br\/noticia\/wp-json\/wp\/v2\/media?parent=87303"}],"wp:term":[{"taxonomy":"category","embeddable":true,"href":"https:\/\/www.redenoticia.com.br\/noticia\/wp-json\/wp\/v2\/categories?post=87303"},{"taxonomy":"post_tag","embeddable":true,"href":"https:\/\/www.redenoticia.com.br\/noticia\/wp-json\/wp\/v2\/tags?post=87303"}],"curies":[{"name":"wp","href":"https:\/\/api.w.org\/{rel}","templated":true}]}}