{"id":87299,"date":"2016-06-01T10:19:15","date_gmt":"2016-06-01T13:19:15","guid":{"rendered":"http:\/\/www.redenoticia.com.br\/noticia\/?p=87299"},"modified":"2016-05-31T18:20:15","modified_gmt":"2016-05-31T21:20:15","slug":"desemprego-chega-a-112-no-trimestre-encerrado-em-abril","status":"publish","type":"post","link":"https:\/\/www.redenoticia.com.br\/noticia\/2016\/desemprego-chega-a-112-no-trimestre-encerrado-em-abril\/87299","title":{"rendered":"Desemprego chega a 11,2% no trimestre encerrado em abril"},"content":{"rendered":"<p>  A <strong><em>taxa de desemprego<\/em><\/strong> voltou a subir no trimestre m\u00f3vel encerrado em abril, atingindo 11,2%. O resultado \u00e9 1,7 ponto percentual maior que o do trimestre m\u00f3vel encerrado em janeiro (9,5%). A taxa \u00e9 a maior desde o in\u00edcio da pesquisa, em janeiro de 2012.<\/p>\n<p>No mesmo trimestre m\u00f3vel de 2015 (de novembro a janeiro), o desemprego foi de 8%, 3,2 pontos percentuais menor. Os dados s\u00e3o da Pesquisa Nacional por Amostra de Domicilio Cont\u00ednua (Pnad Cont\u00ednua) e foram divulgados pelo Instituto Brasileiro de Geografia e Estat\u00edstica (IBGE).<\/p>\n<p>De acordo com a pesquisa, em abril havia 11,4 milh\u00f5es de trabalhadores desempregados, n\u00famero que mostra um crescimento de 18,6%, em compara\u00e7\u00e3o ao trimestre m\u00f3vel encerrado em janeiro deste ano \u2013 o equivalente a mais 1,8 milh\u00e3o de pessoas fora do mercado de trabalho.<\/p>\n<p>Na compara\u00e7\u00e3o com o trimestre m\u00f3vel encerrado em janeiro do ano passado, o n\u00famero de desempregados chega a 3,4 milh\u00f5es, com crescimento de 42,1%.<\/p>\n<p>Carteira assinada<\/p>\n<p>Os dados da Pnad Cont\u00ednua indicam que a popula\u00e7\u00e3o ocupada do pa\u00eds, que fechou o trimestre m\u00f3vel encerrado em abril em 90,6 milh\u00f5es de pessoas, recuou 1,1% em rela\u00e7\u00e3o ao trimestre encerrado em janeiro de 2015 e 1,7% &#8211; ou menos 1,5 milh\u00e3o de pessoas trabalhando &#8211; quando comparada a igual per\u00edodo de 2015.<\/p>\n<p>Em consequ\u00eancia, o n\u00famero de pessoas empregadas no setor privado com carteira assinada recuou em ambas as compara\u00e7\u00f5es, caindo 1,8% em rela\u00e7\u00e3o ao trimestre encerrado em janeiro de 2016 e 4,3% em rela\u00e7\u00e3o ao mesmo trimestre do ano passado \u2013 o equivalente a menos cerca de 1,5 milh\u00e3o de pessoas.<\/p>\n<p>Os n\u00fameros do IBGE indicam ainda que o rendimento m\u00e9dio real habitualmente recebido em todos os trabalhos pelas pessoas ocupadas ficou em R$ 1.962, valor estatisticamente est\u00e1vel em rela\u00e7\u00e3o ao trimestre m\u00f3vel encerrado em janeiro de 2016, que foi de R$ 1.977. Em rela\u00e7\u00e3o ao trimestre encerrado em janeiro do ano passado (R$ 2.030), a queda no rendimento m\u00e9dio real habitual chegou a 3,3%.<\/p>\n<p>Ind\u00fastria<\/p>\n<p>Os setores da ind\u00fastria geral, constru\u00e7\u00e3o e com\u00e9rcio, repara\u00e7\u00e3o de ve\u00edculos automotores e motocicletas foram, por grupamento de atividades, os que mais puxaram a taxa de desemprego de 11,2% no trimestre m\u00f3vel encerrado em abril, na compara\u00e7\u00e3o com janeiro deste ano.<\/p>\n<p>Segundo os dados da Pnad Cont\u00ednua, na Ind\u00fastria geral, a queda de 3,9% no n\u00famero de empregos significou menos 473 mil pessoas no mercado de trabalho; na constru\u00e7\u00e3o, a queda foi de 5,1%, ou menos 400 mil pessoas; no com\u00e9rcio, repara\u00e7\u00e3o de ve\u00edculos automotores e motocicletas, a retra\u00e7\u00e3o chegou a 1,7%, ou menos 302 mil pessoas empregadas. Segundo o IBGE, nos demais grupamentos n\u00e3o houve varia\u00e7\u00e3o significativa.<\/p>\n<p>Metodologia<\/p>\n<p>Os indicadores da Pnad Cont\u00ednua s\u00e3o calculados para trimestres m\u00f3veis, utilizando-se as informa\u00e7\u00f5es dos \u00faltimos tr\u00eas meses consecutivos da pesquisa. A taxa do trimestre m\u00f3vel encerrado em abril de 2016 foi calculada a partir das informa\u00e7\u00f5es coletadas em fevereiro, mar\u00e7o e abril deste ano.<\/p>\n<p>Nielmar de Oliveira &#8211; Rep\u00f3rter da Ag\u00eancia Brasil<br \/>\nEdi\u00e7\u00e3o: Gra\u00e7a Adjuto<br \/>\n01\/06\/2016<\/p>\n","protected":false},"excerpt":{"rendered":"<p>A taxa de desemprego voltou a subir no trimestre m\u00f3vel encerrado em abril, atingindo 11,2%. O resultado \u00e9 1,7 ponto percentual maior que o do trimestre m\u00f3vel encerrado em janeiro (9,5%). A taxa \u00e9 a maior desde o in\u00edcio da pesquisa, em janeiro de 2012. No mesmo trimestre m\u00f3vel de 2015 (de novembro a janeiro), [&hellip;]<\/p>\n","protected":false},"author":2,"featured_media":57582,"comment_status":"open","ping_status":"closed","sticky":false,"template":"","format":"standard","meta":{"_genesis_hide_title":false,"_genesis_hide_breadcrumbs":false,"_genesis_hide_singular_image":false,"_genesis_hide_footer_widgets":false,"_genesis_custom_body_class":"","_genesis_custom_post_class":"","_genesis_layout":"","_jetpack_memberships_contains_paid_content":false,"footnotes":""},"categories":[22,7],"tags":[],"class_list":{"0":"post-87299","1":"post","2":"type-post","3":"status-publish","4":"format-standard","5":"has-post-thumbnail","7":"category-brasil","8":"category-economia","9":"entry","10":"gs-1","11":"gs-odd","12":"gs-even","13":"gs-featured-content-entry"},"jetpack_featured_media_url":"https:\/\/www.redenoticia.com.br\/noticia\/imagens\/grafico1.jpg","jetpack_sharing_enabled":true,"jetpack_likes_enabled":true,"_links":{"self":[{"href":"https:\/\/www.redenoticia.com.br\/noticia\/wp-json\/wp\/v2\/posts\/87299","targetHints":{"allow":["GET"]}}],"collection":[{"href":"https:\/\/www.redenoticia.com.br\/noticia\/wp-json\/wp\/v2\/posts"}],"about":[{"href":"https:\/\/www.redenoticia.com.br\/noticia\/wp-json\/wp\/v2\/types\/post"}],"author":[{"embeddable":true,"href":"https:\/\/www.redenoticia.com.br\/noticia\/wp-json\/wp\/v2\/users\/2"}],"replies":[{"embeddable":true,"href":"https:\/\/www.redenoticia.com.br\/noticia\/wp-json\/wp\/v2\/comments?post=87299"}],"version-history":[{"count":0,"href":"https:\/\/www.redenoticia.com.br\/noticia\/wp-json\/wp\/v2\/posts\/87299\/revisions"}],"wp:featuredmedia":[{"embeddable":true,"href":"https:\/\/www.redenoticia.com.br\/noticia\/wp-json\/wp\/v2\/media\/57582"}],"wp:attachment":[{"href":"https:\/\/www.redenoticia.com.br\/noticia\/wp-json\/wp\/v2\/media?parent=87299"}],"wp:term":[{"taxonomy":"category","embeddable":true,"href":"https:\/\/www.redenoticia.com.br\/noticia\/wp-json\/wp\/v2\/categories?post=87299"},{"taxonomy":"post_tag","embeddable":true,"href":"https:\/\/www.redenoticia.com.br\/noticia\/wp-json\/wp\/v2\/tags?post=87299"}],"curies":[{"name":"wp","href":"https:\/\/api.w.org\/{rel}","templated":true}]}}