{"id":87285,"date":"2016-06-01T10:16:39","date_gmt":"2016-06-01T13:16:39","guid":{"rendered":"http:\/\/www.redenoticia.com.br\/noticia\/?p=87285"},"modified":"2016-05-31T18:16:41","modified_gmt":"2016-05-31T21:16:41","slug":"curso-tecnico-de-enfermagem-e-o-mais-concorrido-no-vestibulinho-das-etecs","status":"publish","type":"post","link":"https:\/\/www.redenoticia.com.br\/noticia\/2016\/curso-tecnico-de-enfermagem-e-o-mais-concorrido-no-vestibulinho-das-etecs\/87285","title":{"rendered":"Curso t\u00e9cnico de Enfermagem \u00e9 o mais concorrido no Vestibulinho das Etecs"},"content":{"rendered":"<p> Pelo quarto semestre consecutivo, o <strong><em>curso t\u00e9cnico de Enfermagem<\/em><\/strong> \u00e9 o mais concorrido no processo seletivo das Etecs (Escolas T\u00e9cnicas Estaduais). O maior \u00edndice de candidatos por vaga \u00e9 na Etec Carlos de Campos, na capital: 25,65. O mesmo curso nas Etecs Parque da Juventude (tamb\u00e9m na Capital) e Rubens de Faria e Souza (Sorocaba) est\u00e1 entre os dez mais disputados deste Vestibulinho.<\/p>\n<p>Dois cursos t\u00e9cnicos do eixo Controle e Processos Industriais aparecem nesta rela\u00e7\u00e3o: Manuten\u00e7\u00e3o Automotiva (14,80 c\/v), e Mecatr\u00f4nica (13,93 c\/v \u00e0 noite e 13,50 c\/v \u00e0 tarde), na Etec Martin Luther King.<\/p>\n<p>Outros tr\u00eas cursos completam a lista: Processos Fotogr\u00e1ficos (Etec de Artes &#8211; 14,47 c\/v), Administra\u00e7\u00e3o (Etecs Martin Luther King &#8211; 13,90 c\/v e Presidente Vargas, de Mogi das Cruzes &#8211; 12,78 c\/v) e Farm\u00e1cia (Etec de Cidades de Tiradentes &#8211; 13,10 candidatos por vaga).<\/p>\n<p>No dia 19 de junho, mais de 158 mil inscritos far\u00e3o a prova para concorrer a uma das vagas oferecidas para os Ensinos T\u00e9cnico, T\u00e9cnico integrado ao M\u00e9dio na modalidade EJA e Especializa\u00e7\u00e3o T\u00e9cnica, al\u00e9m de vagas remanescentes de segundo m\u00f3dulo.<\/p>\n<p>A demanda por curso e unidade est\u00e1 dispon\u00edvel no site\u00a0.<\/p>\n<p>Conhe\u00e7a os dez cursos t\u00e9cnicos com maior \u00edndice candidato\/vaga no processo seletivo para o segundo semestre de 2016:<\/p>\n<p>Enfermagem &#8211; Etec Carlos de Campos<br \/>\nCapital, Manh\u00e3, 40 vagas<br \/>\n1.026 inscritos<br \/>\n25,65 candidatos\/vaga<\/p>\n<p>Enfermagem &#8211; Etec Parque da Juventude<br \/>\nCapital, Manh\u00e3, 30\u00a0vagas<br \/>\n462\u00a0inscritos<br \/>\n15,40\u00a0candidatos\/vaga<\/p>\n<p>Manuten\u00e7\u00e3o Automotiva &#8211; Etec Martin Luther King<br \/>\nCapital, Noite, 40\u00a0vagas<br \/>\n592\u00a0inscritos<br \/>\n14,80\u00a0candidatos\/vaga<\/p>\n<p>Processos Fotogr\u00e1ficos &#8211; Etec de Artes<br \/>\nCapital, Manh\u00e3, 30\u00a0vagas<br \/>\n434\u00a0inscritos<br \/>\n14,47\u00a0candidatos\/vaga<\/p>\n<p>Mecatr\u00f4nica &#8211; Etec Martin Luther King<br \/>\nCapital, Noite, 40\u00a0vagas<br \/>\n557\u00a0inscritos<br \/>\n13,93\u00a0candidatos\/vaga<\/p>\n<p>Administra\u00e7\u00e3o &#8211; Etec Martin Luther King<br \/>\nCapital, Noite, 40\u00a0vagas<br \/>\n556\u00a0inscritos<br \/>\n13,90\u00a0candidatos\/vaga<\/p>\n<p>Enfermagem &#8211; Etec Rubens de Faria e Souza<br \/>\nSorocaba, Tarde, 30\u00a0vagas<br \/>\n410\u00a0inscritos<br \/>\n13,67\u00a0candidatos\/vaga<\/p>\n<p>Mecatr\u00f4nica &#8211; Etec Martin Luther King<br \/>\nCapital, Tarde, 40\u00a0vagas<br \/>\n540\u00a0inscritos<br \/>\n13,50\u00a0candidatos\/vaga<\/p>\n<p>Farm\u00e1cia &#8211; Etec de Cidade Tiradentes<br \/>\nCapital, Noite, 40\u00a0vagas<br \/>\n524\u00a0inscritos<br \/>\n13,10\u00a0candidatos\/vaga<\/p>\n<p>Administra\u00e7\u00e3o &#8211; Etec Presidente Vargas<br \/>\nMogi das Cruzes, Noite, 40\u00a0vagas<br \/>\n511\u00a0inscritos<br \/>\n12,78\u00a0candidatos\/vaga<\/p>\n<p>Mais informa\u00e7\u00f5es pelos telefones (11) 3471-4071 (Capital e Grande S\u00e3o Paulo) e 0800-772 2829 (demais localidades) e pelo\u00a0.<br \/>\nAs informa\u00e7\u00f5es s\u00e3o do .<\/p>\n<p>Do Portal do Governo do Estado SP<\/p>\n","protected":false},"excerpt":{"rendered":"<p>Pelo quarto semestre consecutivo, o curso t\u00e9cnico de Enfermagem \u00e9 o mais concorrido no processo seletivo das Etecs (Escolas T\u00e9cnicas Estaduais). O maior \u00edndice de candidatos por vaga \u00e9 na Etec Carlos de Campos, na capital: 25,65. O mesmo curso nas Etecs Parque da Juventude (tamb\u00e9m na Capital) e Rubens de Faria e Souza (Sorocaba) [&hellip;]<\/p>\n","protected":false},"author":2,"featured_media":37376,"comment_status":"open","ping_status":"closed","sticky":false,"template":"","format":"standard","meta":{"_genesis_hide_title":false,"_genesis_hide_breadcrumbs":false,"_genesis_hide_singular_image":false,"_genesis_hide_footer_widgets":false,"_genesis_custom_body_class":"","_genesis_custom_post_class":"","_genesis_layout":"","_jetpack_memberships_contains_paid_content":false,"footnotes":""},"categories":[22],"tags":[],"class_list":{"0":"post-87285","1":"post","2":"type-post","3":"status-publish","4":"format-standard","5":"has-post-thumbnail","7":"category-brasil","8":"entry","9":"gs-1","10":"gs-odd","11":"gs-even","12":"gs-featured-content-entry"},"jetpack_featured_media_url":"https:\/\/www.redenoticia.com.br\/noticia\/imagens\/saude-doutor.jpg","jetpack_sharing_enabled":true,"jetpack_likes_enabled":true,"_links":{"self":[{"href":"https:\/\/www.redenoticia.com.br\/noticia\/wp-json\/wp\/v2\/posts\/87285","targetHints":{"allow":["GET"]}}],"collection":[{"href":"https:\/\/www.redenoticia.com.br\/noticia\/wp-json\/wp\/v2\/posts"}],"about":[{"href":"https:\/\/www.redenoticia.com.br\/noticia\/wp-json\/wp\/v2\/types\/post"}],"author":[{"embeddable":true,"href":"https:\/\/www.redenoticia.com.br\/noticia\/wp-json\/wp\/v2\/users\/2"}],"replies":[{"embeddable":true,"href":"https:\/\/www.redenoticia.com.br\/noticia\/wp-json\/wp\/v2\/comments?post=87285"}],"version-history":[{"count":0,"href":"https:\/\/www.redenoticia.com.br\/noticia\/wp-json\/wp\/v2\/posts\/87285\/revisions"}],"wp:featuredmedia":[{"embeddable":true,"href":"https:\/\/www.redenoticia.com.br\/noticia\/wp-json\/wp\/v2\/media\/37376"}],"wp:attachment":[{"href":"https:\/\/www.redenoticia.com.br\/noticia\/wp-json\/wp\/v2\/media?parent=87285"}],"wp:term":[{"taxonomy":"category","embeddable":true,"href":"https:\/\/www.redenoticia.com.br\/noticia\/wp-json\/wp\/v2\/categories?post=87285"},{"taxonomy":"post_tag","embeddable":true,"href":"https:\/\/www.redenoticia.com.br\/noticia\/wp-json\/wp\/v2\/tags?post=87285"}],"curies":[{"name":"wp","href":"https:\/\/api.w.org\/{rel}","templated":true}]}}