{"id":87239,"date":"2016-05-31T10:52:47","date_gmt":"2016-05-31T13:52:47","guid":{"rendered":"http:\/\/www.redenoticia.com.br\/noticia\/?p=87239"},"modified":"2016-05-30T18:53:39","modified_gmt":"2016-05-30T21:53:39","slug":"confianca-do-consumidor-atinge-maior-nivel-desde-janeiro-de-2015","status":"publish","type":"post","link":"https:\/\/www.redenoticia.com.br\/noticia\/2016\/confianca-do-consumidor-atinge-maior-nivel-desde-janeiro-de-2015\/87239","title":{"rendered":"Confian\u00e7a do consumidor atinge maior n\u00edvel desde janeiro de 2015"},"content":{"rendered":"<p> O <strong><em>\u00cdndice Nacional de Confian\u00e7a do Consumidor<\/em><\/strong> (Inec) atingiu 105,2 pontos em maio, informou a Confedera\u00e7\u00e3o Nacional da Ind\u00fastria (CNI). Segundo a CNI, houve um aumento de 7,9% na compara\u00e7\u00e3o com abril e de 6,6% em rela\u00e7\u00e3o a maio de 2015. A entidade destacou tamb\u00e9m que o patamar \u00e9 o mais alto desde janeiro do ano passado, quando estava em 104,2 pontos.<\/p>\n<p>Apesar de ter crescido, a confian\u00e7a do consumidor segue abaixo da m\u00e9dia hist\u00f3rica, que \u00e9 109,2 pontos. Uma mostra de que n\u00e3o h\u00e1 recupera\u00e7\u00e3o total da confian\u00e7a \u00e9 que a expectativa de compra de bens de maior valor caiu de 111,6 pontos, em abril, para 110,9 pontos em maio, uma queda de 0,6%. Na compara\u00e7\u00e3o com maio do ano passado, houve crescimento de 1,5%.<\/p>\n<p>De acordo com a CNI, \u201co aumento do \u00edndice [em maio] se deve principalmente \u00e0 melhora das expectativas dos consumidores em rela\u00e7\u00e3o \u00e0 infla\u00e7\u00e3o, ao emprego e \u00e0 renda nos pr\u00f3ximos meses\u201d.<\/p>\n<p>Infla\u00e7\u00e3o e emprego<\/p>\n<p>As expectativas em rela\u00e7\u00e3o \u00e0 infla\u00e7\u00e3o e ao emprego foram as que mais melhoraram. No caso da infla\u00e7\u00e3o, a confian\u00e7a quanto \u00e0 queda ficou em 126,5 pontos, crescendo 23,2% em rela\u00e7\u00e3o a abril e 36,8% ante maio de 2015. O otimismo em rela\u00e7\u00e3o ao emprego atingiu 125,6 pontos, um aumento de 15,2% na compara\u00e7\u00e3o com abril e 30,8% ante maio do ano passado.<\/p>\n<p>A expectativa de renda pessoal ficou em 96,6 pontos em maio, com alta de 9,8% em rela\u00e7\u00e3o a abril deste ano, mas recuo de 2,8% na compara\u00e7\u00e3o com igual per\u00edodo de 2015.<\/p>\n<p>Mariana Branco &#8211; Rep\u00f3rter da Ag\u00eancia Brasil<br \/>\nEdi\u00e7\u00e3o: Juliana Andrade<br \/>\n31\/05\/2016<\/p>\n","protected":false},"excerpt":{"rendered":"<p>O \u00cdndice Nacional de Confian\u00e7a do Consumidor (Inec) atingiu 105,2 pontos em maio, informou a Confedera\u00e7\u00e3o Nacional da Ind\u00fastria (CNI). Segundo a CNI, houve um aumento de 7,9% na compara\u00e7\u00e3o com abril e de 6,6% em rela\u00e7\u00e3o a maio de 2015. A entidade destacou tamb\u00e9m que o patamar \u00e9 o mais alto desde janeiro do [&hellip;]<\/p>\n","protected":false},"author":2,"featured_media":38940,"comment_status":"open","ping_status":"closed","sticky":false,"template":"","format":"standard","meta":{"_genesis_hide_title":false,"_genesis_hide_breadcrumbs":false,"_genesis_hide_singular_image":false,"_genesis_hide_footer_widgets":false,"_genesis_custom_body_class":"","_genesis_custom_post_class":"","_genesis_layout":"","_jetpack_memberships_contains_paid_content":false,"footnotes":""},"categories":[22,7],"tags":[],"class_list":{"0":"post-87239","1":"post","2":"type-post","3":"status-publish","4":"format-standard","5":"has-post-thumbnail","7":"category-brasil","8":"category-economia","9":"entry","10":"gs-1","11":"gs-odd","12":"gs-even","13":"gs-featured-content-entry"},"jetpack_featured_media_url":"https:\/\/www.redenoticia.com.br\/noticia\/imagens\/grafico.jpg","jetpack_sharing_enabled":true,"jetpack_likes_enabled":true,"_links":{"self":[{"href":"https:\/\/www.redenoticia.com.br\/noticia\/wp-json\/wp\/v2\/posts\/87239","targetHints":{"allow":["GET"]}}],"collection":[{"href":"https:\/\/www.redenoticia.com.br\/noticia\/wp-json\/wp\/v2\/posts"}],"about":[{"href":"https:\/\/www.redenoticia.com.br\/noticia\/wp-json\/wp\/v2\/types\/post"}],"author":[{"embeddable":true,"href":"https:\/\/www.redenoticia.com.br\/noticia\/wp-json\/wp\/v2\/users\/2"}],"replies":[{"embeddable":true,"href":"https:\/\/www.redenoticia.com.br\/noticia\/wp-json\/wp\/v2\/comments?post=87239"}],"version-history":[{"count":0,"href":"https:\/\/www.redenoticia.com.br\/noticia\/wp-json\/wp\/v2\/posts\/87239\/revisions"}],"wp:featuredmedia":[{"embeddable":true,"href":"https:\/\/www.redenoticia.com.br\/noticia\/wp-json\/wp\/v2\/media\/38940"}],"wp:attachment":[{"href":"https:\/\/www.redenoticia.com.br\/noticia\/wp-json\/wp\/v2\/media?parent=87239"}],"wp:term":[{"taxonomy":"category","embeddable":true,"href":"https:\/\/www.redenoticia.com.br\/noticia\/wp-json\/wp\/v2\/categories?post=87239"},{"taxonomy":"post_tag","embeddable":true,"href":"https:\/\/www.redenoticia.com.br\/noticia\/wp-json\/wp\/v2\/tags?post=87239"}],"curies":[{"name":"wp","href":"https:\/\/api.w.org\/{rel}","templated":true}]}}