{"id":87237,"date":"2016-05-31T10:51:49","date_gmt":"2016-05-31T13:51:49","guid":{"rendered":"http:\/\/www.redenoticia.com.br\/noticia\/?p=87237"},"modified":"2016-05-30T18:52:44","modified_gmt":"2016-05-30T21:52:44","slug":"governo-central-tem-maior-deficit-primario-da-historia-para-o-1o-quadrimestre","status":"publish","type":"post","link":"https:\/\/www.redenoticia.com.br\/noticia\/2016\/governo-central-tem-maior-deficit-primario-da-historia-para-o-1o-quadrimestre\/87237","title":{"rendered":"Governo Central tem maior d\u00e9ficit prim\u00e1rio da hist\u00f3ria para o 1\u00ba quadrimestre"},"content":{"rendered":"<p> A queda das receitas em meio ao crescimento de gastos obrigat\u00f3rios fez o Governo Central (Tesouro Nacional, Previd\u00eancia Social e Banco Central) registrar o maior <strong><em>d\u00e9ficit prim\u00e1rio<\/em><\/strong> da hist\u00f3ria para o primeiro quadrimestre. De janeiro a abril, houve d\u00e9ficit acumulado de R$ 8,451 bilh\u00f5es, o primeiro resultado negativo da hist\u00f3ria para o per\u00edodo.<\/p>\n<p>O d\u00e9ficit prim\u00e1rio \u00e9 o resultado negativo das contas do governo antes do pagamento dos juros da d\u00edvida p\u00fablica. Apenas em abril, o Governo Central registrou super\u00e1vit prim\u00e1rio de R$ 9,751 bilh\u00f5es. Desde o in\u00edcio da s\u00e9rie hist\u00f3rica, em 1997, esse foi o 11\u00ba melhor resultado da hist\u00f3ria para o m\u00eas.<\/p>\n<p>Por causa do calend\u00e1rio de impostos, que inclui o pagamento da cota \u00fanica do Imposto de Renda Pessoa F\u00edsica, o m\u00eas de abril registra super\u00e1vit prim\u00e1rio. No ano passado, no entanto, o Governo Central tinha registrado super\u00e1vit prim\u00e1rio maior em abril, de R$ 10,069 bilh\u00f5es.<\/p>\n<p>A queda da arrecada\u00e7\u00e3o provocada pelo agravamento da crise econ\u00f4mica continua a ser a principal causa do aumento do d\u00e9ficit prim\u00e1rio em 2016. De janeiro a abril, as receitas l\u00edquidas ca\u00edram 5,5%, descontada a infla\u00e7\u00e3o oficial pelo \u00cdndice Nacional de Pre\u00e7os ao Consumidor Amplo (IPCA) em rela\u00e7\u00e3o ao mesmo per\u00edodo do ano passado.<\/p>\n<p>Pressionadas pelos gastos obrigat\u00f3rios, as despesas totais subiram 5,5% acima do IPCA no primeiro quadrimestre. Em abril, no entanto, os gastos ca\u00edram 6,4%, descontado o IPCA em rela\u00e7\u00e3o a abril do ano passado.<\/p>\n<p>Os gastos com a Previd\u00eancia Social subiram 4,8% al\u00e9m da infla\u00e7\u00e3o nos quatro primeiros meses do ano. As demais despesas obrigat\u00f3rias cresceram 10%. Os gastos discricion\u00e1rios (n\u00e3o obrigat\u00f3rios), no entanto, ca\u00edram 3,5%, descontado o IPCA. As despesas de custeio (gasto com a manuten\u00e7\u00e3o da m\u00e1quina p\u00fablica) ca\u00edram 8% de janeiro da abril.<\/p>\n<p>Os investimentos \u2013 gastos com obras p\u00fablicas e compra de equipamentos \u2013 somaram R$ 19,617 bilh\u00f5es, recuo de 7,9% tamb\u00e9m considerando a infla\u00e7\u00e3o oficial. Os investimentos do Programa de Acelera\u00e7\u00e3o do Crescimento (PAC) totalizaram R$ 14,161 bilh\u00f5es, queda de 3,4% descontada a infla\u00e7\u00e3o. Os investimentos do Programa Minha Casa, Minha Vida somaram R$ 2,141 bilh\u00f5es, retra\u00e7\u00e3o real de 60,6%.<\/p>\n<p>Da Ag\u00eancia Brasil<br \/>\nEdi\u00e7\u00e3o: N\u00e1dia Franco<br \/>\n31\/05\/2016<\/p>\n","protected":false},"excerpt":{"rendered":"<p>A queda das receitas em meio ao crescimento de gastos obrigat\u00f3rios fez o Governo Central (Tesouro Nacional, Previd\u00eancia Social e Banco Central) registrar o maior d\u00e9ficit prim\u00e1rio da hist\u00f3ria para o primeiro quadrimestre. De janeiro a abril, houve d\u00e9ficit acumulado de R$ 8,451 bilh\u00f5es, o primeiro resultado negativo da hist\u00f3ria para o per\u00edodo. O d\u00e9ficit [&hellip;]<\/p>\n","protected":false},"author":2,"featured_media":57583,"comment_status":"open","ping_status":"closed","sticky":false,"template":"","format":"standard","meta":{"_genesis_hide_title":false,"_genesis_hide_breadcrumbs":false,"_genesis_hide_singular_image":false,"_genesis_hide_footer_widgets":false,"_genesis_custom_body_class":"","_genesis_custom_post_class":"","_genesis_layout":"","_jetpack_memberships_contains_paid_content":false,"footnotes":""},"categories":[22,7],"tags":[],"class_list":{"0":"post-87237","1":"post","2":"type-post","3":"status-publish","4":"format-standard","5":"has-post-thumbnail","7":"category-brasil","8":"category-economia","9":"entry","10":"gs-1","11":"gs-odd","12":"gs-even","13":"gs-featured-content-entry"},"jetpack_featured_media_url":"https:\/\/www.redenoticia.com.br\/noticia\/imagens\/economia-grafico.jpg","jetpack_sharing_enabled":true,"jetpack_likes_enabled":true,"_links":{"self":[{"href":"https:\/\/www.redenoticia.com.br\/noticia\/wp-json\/wp\/v2\/posts\/87237","targetHints":{"allow":["GET"]}}],"collection":[{"href":"https:\/\/www.redenoticia.com.br\/noticia\/wp-json\/wp\/v2\/posts"}],"about":[{"href":"https:\/\/www.redenoticia.com.br\/noticia\/wp-json\/wp\/v2\/types\/post"}],"author":[{"embeddable":true,"href":"https:\/\/www.redenoticia.com.br\/noticia\/wp-json\/wp\/v2\/users\/2"}],"replies":[{"embeddable":true,"href":"https:\/\/www.redenoticia.com.br\/noticia\/wp-json\/wp\/v2\/comments?post=87237"}],"version-history":[{"count":0,"href":"https:\/\/www.redenoticia.com.br\/noticia\/wp-json\/wp\/v2\/posts\/87237\/revisions"}],"wp:featuredmedia":[{"embeddable":true,"href":"https:\/\/www.redenoticia.com.br\/noticia\/wp-json\/wp\/v2\/media\/57583"}],"wp:attachment":[{"href":"https:\/\/www.redenoticia.com.br\/noticia\/wp-json\/wp\/v2\/media?parent=87237"}],"wp:term":[{"taxonomy":"category","embeddable":true,"href":"https:\/\/www.redenoticia.com.br\/noticia\/wp-json\/wp\/v2\/categories?post=87237"},{"taxonomy":"post_tag","embeddable":true,"href":"https:\/\/www.redenoticia.com.br\/noticia\/wp-json\/wp\/v2\/tags?post=87237"}],"curies":[{"name":"wp","href":"https:\/\/api.w.org\/{rel}","templated":true}]}}