{"id":87233,"date":"2016-05-31T10:49:17","date_gmt":"2016-05-31T13:49:17","guid":{"rendered":"http:\/\/www.redenoticia.com.br\/noticia\/?p=87233"},"modified":"2016-05-30T18:50:16","modified_gmt":"2016-05-30T21:50:16","slug":"indice-que-reajusta-aluguel-atinge-1109-no-acumulado-de-12-meses","status":"publish","type":"post","link":"https:\/\/www.redenoticia.com.br\/noticia\/2016\/indice-que-reajusta-aluguel-atinge-1109-no-acumulado-de-12-meses\/87233","title":{"rendered":"\u00cdndice que reajusta aluguel atinge 11,09% no acumulado de 12 meses"},"content":{"rendered":"<p> O <strong><em>\u00cdndice Geral de Pre\u00e7os do Mercado<\/em><\/strong> (IGP-M) atingiu alta de 0,82% em maio. A varia\u00e7\u00e3o \u00e9 maior que a registrada em abril (0,33%) e que a do mesmo per\u00edodo do ano passado (0,41%). Desde janeiro, o \u00edndice j\u00e1 subiu 4,15% e, em 12 meses, o IGP-M acumula alta de 11,09%.<\/p>\n<p>Apurado pelo Instituto Brasileiro de Economia da Funda\u00e7\u00e3o Getulio Vargas (Ibre\/FGV), o IGP-M serve de base de c\u00e1lculo para o reajuste do aluguel. O resultado de maio re\u00fane as varia\u00e7\u00f5es de pre\u00e7os coletados entre os dias 21 de abril at\u00e9 o \u00faltimo dia 20.<\/p>\n<p>Dois dos tr\u00eas subcomponentes apresentaram avan\u00e7os no ritmo de corre\u00e7\u00e3o: o \u00cdndice de Pre\u00e7os ao Produtor Amplo (IPA) que passou de 0,29% para 0,98% e o \u00cdndice de Pre\u00e7os ao Consumidor (IPC), que passou de 0,39% em abril para 0,65. J\u00e1 o \u00cdndice Nacional de Custo da Constru\u00e7\u00e3o (INCC) aumentou 0,19%, varia\u00e7\u00e3o inferior a apurada em abril (0,41%).<\/p>\n<p>No IPA, a eleva\u00e7\u00e3o mais significativa foi constatada no grupo Mat\u00e9rias-Primas Brutas com varia\u00e7\u00e3o de 2,64% ante aumento de 1,78%, em abril. Entre as maiores altas est\u00e3o: a soja em gr\u00e3o (de -1,59% para 12,38%), a mandioca (de -12,71% para -9,80%) e o milho em gr\u00e3o (de 7,59% para 7,93%). No mesmo per\u00edodo, houve redu\u00e7\u00e3o na velocidade de corre\u00e7\u00e3o da laranja (de 15,20% para 0,85%) e da cana-de-a\u00e7\u00facar (de 2,97% para 0,36%), bem como queda de pre\u00e7os dos bovinos (de 0,01% para -2,28%).<\/p>\n<p>Nos pre\u00e7os do varejo, medido por meio do IPC, foram verificados acr\u00e9scimos em cinco dos oito grupos pesquisados com destaque para habita\u00e7\u00e3o (de -0,28% para 0,38%), que teve influ\u00eancia da tarifa de eletricidade residencial (de -3,65% para 0,41%).<\/p>\n<p>Em rela\u00e7\u00e3o ao INCC, ocorreram decr\u00e9scimos tanto em materiais, equipamentos e servi\u00e7os (de 0,29% para 0,04%) quanto em m\u00e3o de obra (de 0,52% para 0,32%).<\/p>\n<p>Marli Moreira \u2013 Rep\u00f3rter da Ag\u00eancia Brasil<br \/>\nEdi\u00e7\u00e3o: Denise Griesinger<br \/>\n31\/05\/2016<\/p>\n","protected":false},"excerpt":{"rendered":"<p>O \u00cdndice Geral de Pre\u00e7os do Mercado (IGP-M) atingiu alta de 0,82% em maio. A varia\u00e7\u00e3o \u00e9 maior que a registrada em abril (0,33%) e que a do mesmo per\u00edodo do ano passado (0,41%). Desde janeiro, o \u00edndice j\u00e1 subiu 4,15% e, em 12 meses, o IGP-M acumula alta de 11,09%. Apurado pelo Instituto Brasileiro [&hellip;]<\/p>\n","protected":false},"author":2,"featured_media":57585,"comment_status":"open","ping_status":"closed","sticky":false,"template":"","format":"standard","meta":{"_genesis_hide_title":false,"_genesis_hide_breadcrumbs":false,"_genesis_hide_singular_image":false,"_genesis_hide_footer_widgets":false,"_genesis_custom_body_class":"","_genesis_custom_post_class":"","_genesis_layout":"","_jetpack_memberships_contains_paid_content":false,"footnotes":""},"categories":[22,7],"tags":[],"class_list":{"0":"post-87233","1":"post","2":"type-post","3":"status-publish","4":"format-standard","5":"has-post-thumbnail","7":"category-brasil","8":"category-economia","9":"entry","10":"gs-1","11":"gs-odd","12":"gs-even","13":"gs-featured-content-entry"},"jetpack_featured_media_url":"https:\/\/www.redenoticia.com.br\/noticia\/imagens\/analise-economia.jpg","jetpack_sharing_enabled":true,"jetpack_likes_enabled":true,"_links":{"self":[{"href":"https:\/\/www.redenoticia.com.br\/noticia\/wp-json\/wp\/v2\/posts\/87233","targetHints":{"allow":["GET"]}}],"collection":[{"href":"https:\/\/www.redenoticia.com.br\/noticia\/wp-json\/wp\/v2\/posts"}],"about":[{"href":"https:\/\/www.redenoticia.com.br\/noticia\/wp-json\/wp\/v2\/types\/post"}],"author":[{"embeddable":true,"href":"https:\/\/www.redenoticia.com.br\/noticia\/wp-json\/wp\/v2\/users\/2"}],"replies":[{"embeddable":true,"href":"https:\/\/www.redenoticia.com.br\/noticia\/wp-json\/wp\/v2\/comments?post=87233"}],"version-history":[{"count":0,"href":"https:\/\/www.redenoticia.com.br\/noticia\/wp-json\/wp\/v2\/posts\/87233\/revisions"}],"wp:featuredmedia":[{"embeddable":true,"href":"https:\/\/www.redenoticia.com.br\/noticia\/wp-json\/wp\/v2\/media\/57585"}],"wp:attachment":[{"href":"https:\/\/www.redenoticia.com.br\/noticia\/wp-json\/wp\/v2\/media?parent=87233"}],"wp:term":[{"taxonomy":"category","embeddable":true,"href":"https:\/\/www.redenoticia.com.br\/noticia\/wp-json\/wp\/v2\/categories?post=87233"},{"taxonomy":"post_tag","embeddable":true,"href":"https:\/\/www.redenoticia.com.br\/noticia\/wp-json\/wp\/v2\/tags?post=87233"}],"curies":[{"name":"wp","href":"https:\/\/api.w.org\/{rel}","templated":true}]}}