{"id":87136,"date":"2016-05-30T10:42:56","date_gmt":"2016-05-30T13:42:56","guid":{"rendered":"http:\/\/www.redenoticia.com.br\/noticia\/?p=87136"},"modified":"2016-05-27T16:43:47","modified_gmt":"2016-05-27T19:43:47","slug":"tesouro-divida-publica-federal-cai-301-em-abril-e-fica-em-r-279-trilhoes","status":"publish","type":"post","link":"https:\/\/www.redenoticia.com.br\/noticia\/2016\/tesouro-divida-publica-federal-cai-301-em-abril-e-fica-em-r-279-trilhoes\/87136","title":{"rendered":"Tesouro: D\u00edvida P\u00fablica Federal cai 3,01% em abril e fica em R$ 2,79 trilh\u00f5es"},"content":{"rendered":"<p> A <strong><em>D\u00edvida P\u00fablica Federal<\/em><\/strong> (DPF) apresentou redu\u00e7\u00e3o, em termos nominas, de 3,01% em abril na compara\u00e7\u00e3o com mar\u00e7o, ao passar de R$ 2,886 trilh\u00f5es para R$ 2,799 trilh\u00f5es. Os dados, que incluem o endividamento interno e externo, foram divulgados pelo Tesouro Nacional. \u00c9 a primeira queda mensal desde janeiro.<\/p>\n<p>O coordenador-geral de Opera\u00e7\u00f5es da D\u00edvida P\u00fablica, do Tesouro Nacional, Leandro Secunho, destacou que a redu\u00e7\u00e3o se deve a um vencimento elevado de t\u00edtulos prefixados no m\u00eas, j\u00e1 esperado. Ele enfatizou tamb\u00e9m que existe um cen\u00e1rio bastante positivo em rela\u00e7\u00e3o \u00e0s medidas anunciadas pelo governo, como a inten\u00e7\u00e3o de criar um teto para gastos p\u00fablicos.<\/p>\n<p>\u201cExiste um cen\u00e1rio bastante positivo. Temos visto demandas relevantes para os nossos leil\u00f5es. Existe uma expectativa em rela\u00e7\u00e3o a essas medidas. Uma expectativa n\u00e3o s\u00f3 \u00e0s medidas, mas tamb\u00e9m em rela\u00e7\u00e3o ao governo, e o cen\u00e1rio parece bastante positivo. \u00c9 isso que temos visto em termos de demanda nos nossos leil\u00f5es\u201d, explicou.<\/p>\n<p>O endividamento do Tesouro pode ocorrer por meio da oferta de t\u00edtulos p\u00fablicos em leil\u00f5es, pela internet (Tesouro Direto) ou pela emiss\u00e3o direta. Outro fator de eleva\u00e7\u00e3o pode se dar pela assinatura de contratos de empr\u00e9stimo.<\/p>\n<p>No m\u00eas de abril, as emiss\u00f5es da DPF corresponderam a R$ 52,74 bilh\u00f5es, enquanto os resgates alcan\u00e7aram R$ 161,33 bilh\u00f5es, resultando em resgate l\u00edquido de R$ 108,60 bilh\u00f5es.<\/p>\n<p>A D\u00edvida P\u00fablica Mobili\u00e1ria Federal interna (DPMFi) teve o estoque reduzido em 3,03% ao passar de R$ 2,753 trilh\u00f5es para R$ 2,670 trilh\u00f5es. A DPMFi \u00e9 a d\u00edvida p\u00fablica federal interna em circula\u00e7\u00e3o no mercado nacional.<\/p>\n<p>Com rela\u00e7\u00e3o ao estoque da D\u00edvida P\u00fablica Federal Externa (DPFe), houve redu\u00e7\u00e3o de 2,70% na compara\u00e7\u00e3o com o resultado do m\u00eas anterior, chegando a R$ 129,60 bilh\u00f5es, equivalentes a US$ 37,95 bilh\u00f5es. Desse total, R$ 117,71 bilh\u00f5es (US$ 34,47 bilh\u00f5es) referem-se \u00e0 d\u00edvida mobili\u00e1ria (t\u00edtulos), e R$ 11,89 bilh\u00f5es (US$ 3,48 bilh\u00f5es), \u00e0 d\u00edvida contratual.<\/p>\n<p>DPFe \u00e9 a D\u00edvida P\u00fablica Federal existente no mercado internacional paga em outras moedas. De acordo com o Tesouro Nacional, a varia\u00e7\u00e3o da DPFe deveu-se principalmente pela valoriza\u00e7\u00e3o do real em rela\u00e7\u00e3o as moedas que comp\u00f5em o estoque da d\u00edvida externa.<\/p>\n<p>De acordo com o Plano Anual de Financiamento (PAF), o governo estima a D\u00edvida P\u00fablica Federal, em 2016, entre R$ 3,1 trilh\u00f5es e R$ 3,3 trilh\u00f5es.<\/p>\n<p>Daniel Lima &#8211; Rep\u00f3rter da Ag\u00eancia Brasil<br \/>\nEdi\u00e7\u00e3o: Talita Cavalcante<br \/>\n30\/05\/2016 <\/p>\n","protected":false},"excerpt":{"rendered":"<p>A D\u00edvida P\u00fablica Federal (DPF) apresentou redu\u00e7\u00e3o, em termos nominas, de 3,01% em abril na compara\u00e7\u00e3o com mar\u00e7o, ao passar de R$ 2,886 trilh\u00f5es para R$ 2,799 trilh\u00f5es. Os dados, que incluem o endividamento interno e externo, foram divulgados pelo Tesouro Nacional. \u00c9 a primeira queda mensal desde janeiro. O coordenador-geral de Opera\u00e7\u00f5es da D\u00edvida [&hellip;]<\/p>\n","protected":false},"author":2,"featured_media":57585,"comment_status":"open","ping_status":"closed","sticky":false,"template":"","format":"standard","meta":{"_genesis_hide_title":false,"_genesis_hide_breadcrumbs":false,"_genesis_hide_singular_image":false,"_genesis_hide_footer_widgets":false,"_genesis_custom_body_class":"","_genesis_custom_post_class":"","_genesis_layout":"","_jetpack_memberships_contains_paid_content":false,"footnotes":""},"categories":[22,7],"tags":[],"class_list":{"0":"post-87136","1":"post","2":"type-post","3":"status-publish","4":"format-standard","5":"has-post-thumbnail","7":"category-brasil","8":"category-economia","9":"entry","10":"gs-1","11":"gs-odd","12":"gs-even","13":"gs-featured-content-entry"},"jetpack_featured_media_url":"https:\/\/www.redenoticia.com.br\/noticia\/imagens\/analise-economia.jpg","jetpack_sharing_enabled":true,"jetpack_likes_enabled":true,"_links":{"self":[{"href":"https:\/\/www.redenoticia.com.br\/noticia\/wp-json\/wp\/v2\/posts\/87136","targetHints":{"allow":["GET"]}}],"collection":[{"href":"https:\/\/www.redenoticia.com.br\/noticia\/wp-json\/wp\/v2\/posts"}],"about":[{"href":"https:\/\/www.redenoticia.com.br\/noticia\/wp-json\/wp\/v2\/types\/post"}],"author":[{"embeddable":true,"href":"https:\/\/www.redenoticia.com.br\/noticia\/wp-json\/wp\/v2\/users\/2"}],"replies":[{"embeddable":true,"href":"https:\/\/www.redenoticia.com.br\/noticia\/wp-json\/wp\/v2\/comments?post=87136"}],"version-history":[{"count":0,"href":"https:\/\/www.redenoticia.com.br\/noticia\/wp-json\/wp\/v2\/posts\/87136\/revisions"}],"wp:featuredmedia":[{"embeddable":true,"href":"https:\/\/www.redenoticia.com.br\/noticia\/wp-json\/wp\/v2\/media\/57585"}],"wp:attachment":[{"href":"https:\/\/www.redenoticia.com.br\/noticia\/wp-json\/wp\/v2\/media?parent=87136"}],"wp:term":[{"taxonomy":"category","embeddable":true,"href":"https:\/\/www.redenoticia.com.br\/noticia\/wp-json\/wp\/v2\/categories?post=87136"},{"taxonomy":"post_tag","embeddable":true,"href":"https:\/\/www.redenoticia.com.br\/noticia\/wp-json\/wp\/v2\/tags?post=87136"}],"curies":[{"name":"wp","href":"https:\/\/api.w.org\/{rel}","templated":true}]}}