{"id":87134,"date":"2016-05-30T10:41:59","date_gmt":"2016-05-30T13:41:59","guid":{"rendered":"http:\/\/www.redenoticia.com.br\/noticia\/?p=87134"},"modified":"2016-05-27T16:42:51","modified_gmt":"2016-05-27T19:42:51","slug":"ministro-ricardo-lewandowski-extingue-tramitacao-oculta-de-processos-no-stf","status":"publish","type":"post","link":"https:\/\/www.redenoticia.com.br\/noticia\/2016\/ministro-ricardo-lewandowski-extingue-tramitacao-oculta-de-processos-no-stf\/87134","title":{"rendered":"Ministro Ricardo Lewandowski extingue tramita\u00e7\u00e3o oculta de processos no STF"},"content":{"rendered":"<p> O presidente do Supremo Tribunal Federal, ministro Ricardo Lewandowski, assinou a Resolu\u00e7\u00e3o 579\/2016, por meio da qual fica &#8220;vedada a classifica\u00e7\u00e3o de quaisquer pedidos e feitos novos ou j\u00e1 em tramita\u00e7\u00e3o no Tribunal como &#8216;ocultos'&#8221;. Os <strong><em>processos ocultos<\/em><\/strong> s\u00e3o aqueles que n\u00e3o ficam dispon\u00edveis para consulta no sistema do tribunal. A resolu\u00e7\u00e3o assinada altera um outra de 2007 sobre documentos e processos de natureza sigilosa no \u00e2mbito do STF. Na nova resolu\u00e7\u00e3o, o ministro considerou que a medida atende a pontos como o princ\u00edpio da publicidade, o direito de acesso \u00e0 informa\u00e7\u00e3o, a Lei de Acesso \u00e0 Informa\u00e7\u00e3o e \u201ca necessidade de melhor disciplinar a classifica\u00e7\u00e3o e tramita\u00e7\u00e3o do crescente n\u00famero de documentos e feitos de natureza sigilosa\u201d que ingressam na Corte, entre outros aspectos.<\/p>\n<p>De acordo com a resolu\u00e7\u00e3o, fica vedada a classifica\u00e7\u00e3o como ocultos. Acrescenta que esses processos dever\u00e3o receber \u201ca mesma nomenclatura e id\u00eantico tratamento conferidos aos processos sigilosos, sem preju\u00edzo da determina\u00e7\u00e3o de cautelas adicionais por parte do relator para garantir o resultado \u00fatil das decis\u00f5es neles prolatadas\u201d, destacou o texto.<\/p>\n<p>A norma prev\u00ea ainda que os requerimentos de pris\u00e3o, busca e apreens\u00e3o, quebra de sigilo telef\u00f4nico, banc\u00e1rio, fiscal e telem\u00e1tico, intercepta\u00e7\u00e3o telef\u00f4nica e outras medidas \u201cser\u00e3o processados e apreciados, em autos apartados e sob sigilo\u201d.<\/p>\n<p>Conforme o texto, ao receber uma peti\u00e7\u00e3o ou requerimento com anota\u00e7\u00e3o de sigilo, a Secretaria Judici\u00e1ria deve fazer o protocolo com \u201cas cautelas solicitadas\u201d e que fica a crit\u00e9rio do relator alterar a classifica\u00e7\u00e3o ou determinar outras medidas \u00e0 a\u00e7\u00e3o caso julgue necess\u00e1rio.<\/p>\n<p>Com a medida, passa a ser poss\u00edvel verificar a exist\u00eancia de uma investiga\u00e7\u00e3o e identificar os investigados pelo nome, no caso de processos n\u00e3o sigilosos, ou pelas iniciais, em processos que possuem sigilo. Segundo o STF, apenas as ordens de pris\u00e3o e de busca e apreens\u00e3o n\u00e3o ter\u00e3o a identifica\u00e7\u00e3o dos nomes at\u00e9 que sejam cumpridas.<\/p>\n<p>Mich\u00e8lle Canes \u2013 Rep\u00f3rter da Ag\u00eancia Brasil<br \/>\nEdi\u00e7\u00e3o: Armando Cardoso<br \/>\n30\/05\/2016<\/p>\n","protected":false},"excerpt":{"rendered":"<p>O presidente do Supremo Tribunal Federal, ministro Ricardo Lewandowski, assinou a Resolu\u00e7\u00e3o 579\/2016, por meio da qual fica &#8220;vedada a classifica\u00e7\u00e3o de quaisquer pedidos e feitos novos ou j\u00e1 em tramita\u00e7\u00e3o no Tribunal como &#8216;ocultos&#8217;&#8221;. Os processos ocultos s\u00e3o aqueles que n\u00e3o ficam dispon\u00edveis para consulta no sistema do tribunal. A resolu\u00e7\u00e3o assinada altera um [&hellip;]<\/p>\n","protected":false},"author":2,"featured_media":37419,"comment_status":"open","ping_status":"closed","sticky":false,"template":"","format":"standard","meta":{"_genesis_hide_title":false,"_genesis_hide_breadcrumbs":false,"_genesis_hide_singular_image":false,"_genesis_hide_footer_widgets":false,"_genesis_custom_body_class":"","_genesis_custom_post_class":"","_genesis_layout":"","_jetpack_memberships_contains_paid_content":false,"footnotes":""},"categories":[22],"tags":[],"class_list":{"0":"post-87134","1":"post","2":"type-post","3":"status-publish","4":"format-standard","5":"has-post-thumbnail","7":"category-brasil","8":"entry","9":"gs-1","10":"gs-odd","11":"gs-even","12":"gs-featured-content-entry"},"jetpack_featured_media_url":"https:\/\/www.redenoticia.com.br\/noticia\/imagens\/computador-tecnologia.jpg","jetpack_sharing_enabled":true,"jetpack_likes_enabled":true,"_links":{"self":[{"href":"https:\/\/www.redenoticia.com.br\/noticia\/wp-json\/wp\/v2\/posts\/87134","targetHints":{"allow":["GET"]}}],"collection":[{"href":"https:\/\/www.redenoticia.com.br\/noticia\/wp-json\/wp\/v2\/posts"}],"about":[{"href":"https:\/\/www.redenoticia.com.br\/noticia\/wp-json\/wp\/v2\/types\/post"}],"author":[{"embeddable":true,"href":"https:\/\/www.redenoticia.com.br\/noticia\/wp-json\/wp\/v2\/users\/2"}],"replies":[{"embeddable":true,"href":"https:\/\/www.redenoticia.com.br\/noticia\/wp-json\/wp\/v2\/comments?post=87134"}],"version-history":[{"count":0,"href":"https:\/\/www.redenoticia.com.br\/noticia\/wp-json\/wp\/v2\/posts\/87134\/revisions"}],"wp:featuredmedia":[{"embeddable":true,"href":"https:\/\/www.redenoticia.com.br\/noticia\/wp-json\/wp\/v2\/media\/37419"}],"wp:attachment":[{"href":"https:\/\/www.redenoticia.com.br\/noticia\/wp-json\/wp\/v2\/media?parent=87134"}],"wp:term":[{"taxonomy":"category","embeddable":true,"href":"https:\/\/www.redenoticia.com.br\/noticia\/wp-json\/wp\/v2\/categories?post=87134"},{"taxonomy":"post_tag","embeddable":true,"href":"https:\/\/www.redenoticia.com.br\/noticia\/wp-json\/wp\/v2\/tags?post=87134"}],"curies":[{"name":"wp","href":"https:\/\/api.w.org\/{rel}","templated":true}]}}