{"id":87132,"date":"2016-05-30T10:40:32","date_gmt":"2016-05-30T13:40:32","guid":{"rendered":"http:\/\/www.redenoticia.com.br\/noticia\/?p=87132"},"modified":"2016-05-27T16:41:56","modified_gmt":"2016-05-27T19:41:56","slug":"indicado-para-o-bc-goldfajn-sera-sabatinado-na-quarta-feira-pelo-senado","status":"publish","type":"post","link":"https:\/\/www.redenoticia.com.br\/noticia\/2016\/indicado-para-o-bc-goldfajn-sera-sabatinado-na-quarta-feira-pelo-senado\/87132","title":{"rendered":"Indicado para o BC, Goldfajn ser\u00e1 sabatinado na quarta-feira pelo Senado"},"content":{"rendered":"<p> O economista <strong><em>Ilan Goldfajn<\/em><\/strong> ser\u00e1 sabatinado na pr\u00f3xima quarta-feira (1\u00b0) na Comiss\u00e3o de Assuntos Econ\u00f4micos (CAE) do Senado para o cargo de presidente do Banco Central (BC). O relator da mat\u00e9ria e vice-presidente da CAE, senador Raimundo Lira (PMDB-PB), protocolou o relat\u00f3rio sobre a indica\u00e7\u00e3o.<\/p>\n<p>O conte\u00fado ser\u00e1 discutido na ter\u00e7a-feira (31), um dia antes da sabatina, negociada com a presidente do colegiado, senadora Gleisi Hoffmann (PT-SC). A petista concordou em abrir m\u00e3o do prazo regimental de cinco dias entre a discuss\u00e3o e a vota\u00e7\u00e3o da indica\u00e7\u00e3o, para acelerar o processo. Segunda ela, o pr\u00f3prio atual presidente do BC, Alexandre Tombini, tem pressa para que Goldfjan possa participar das pr\u00f3ximas decis\u00f5es do Banco Central.<\/p>\n<p>Como nesse tipo de escolha o voto \u00e9 secreto, caber\u00e1 a Lira dizer no relat\u00f3rio apenas se Goldfajn est\u00e1 apto a exercer o cargo. \u201cLogicamente haver\u00e1 contradit\u00f3rio e, possivelmente, voto em separado da hoje oposi\u00e7\u00e3o ao governo, mas com certeza dado o conte\u00fado do curr\u00edculo do doutor Ilan \u2013 muito bom, muito consistente, muito preparado \u2013 n\u00e3o ter\u00e1 dificuldade para ser aprovado\u201d, disse.<\/p>\n<p>Ela acrescentou que o esfor\u00e7o dos apoiadores do governo de Michel Temer \u00e9 para que Ilan Goldfajn j\u00e1 esteja presidindo o Banco Central na pr\u00f3xima reuni\u00e3o do Comit\u00ea de Pol\u00edtica Monet\u00e1ria (Copom), respons\u00e1vel por fixar a taxa b\u00e1sica de juros do pa\u00eds, nos dias 7 e 8 de junho.<\/p>\n<p>Ap\u00f3s a aprecia\u00e7\u00e3o na CAE, o nome do economista precisa ser aprovado pelo plen\u00e1rio do Senado. Como geralmente acontece, para acelerar o processo, essa mat\u00e9ria dever\u00e1 seguir com pedido de urg\u00eancia e, segundo adiantou Gleisi Hoffmann hoje, a vota\u00e7\u00e3o no plen\u00e1rio pode ocorrer tamb\u00e9m na semana vem.<\/p>\n<p>Oposi\u00e7\u00e3o<\/p>\n<p>A oposi\u00e7\u00e3o j\u00e1 prepara os questionamentos ao economista do Banco Ita\u00fa. Apesar de n\u00e3o ter colocado obst\u00e1culos \u00e0 sabatina, a presidente da CAE criticou a indica\u00e7\u00e3o.<\/p>\n<p>\u201cDo ponto de vista pol\u00edtico \u00e9 uma situa\u00e7\u00e3o muito dif\u00edcil. Porque n\u00f3s vamos ter um presidente do Banco Central que n\u00e3o \u00e9 s\u00f3 economista chefe de um banco, como s\u00f3cio-propriet\u00e1rio deste banco. Nunca \u00e9 demais lembrar que n\u00f3s exigimos na sa\u00edda dos presidentes do Banco Central a quarentena e n\u00e3o se est\u00e1 se exigindo nenhuma quarentena na entrada, ou seja, n\u00f3s vamos ter um banqueiro no Banco Central\u201d, disse Gleisi Hoffmann.<\/p>\n<p>Uma das maiores defensoras da presidenta Dilma na Casa, a senadora Vanessa Grazzition (PcdoB-AM), disse que um dos pontos que ser\u00e3o questionados \u00e9 o que trata da autonomia do Banco Central. \u201cTemos que desmontar essa tese. Ele [Ilan Goldfajn] era at\u00e9 ontem presidente de um dos maiores banco privados do Brasil. Isso \u00e9 uma farsa, n\u00e3o existe independ\u00eancia. Ningu\u00e9m sobrevive em cima do muro\u201d, criticou, a senadora.<\/p>\n<p>Vanessa Grazzition disse ainda que o impacto de um presidente do Banco Central aut\u00f4nomo \u201c\u00e9 grav\u00edssimo\u201d. \u201cVoc\u00ea n\u00e3o pode esperar de quem trabalhou a vida inteira para favorecer o sistema financeiro, que haja em defesa do estado brasileiro. Claro que ele vai agir em defesa do mercado. Para o cidad\u00e3o comum, esse \u00e9 o pior dos mundos. Sem a recupera\u00e7\u00e3o da economia, voc\u00ea vai fortalecer a pol\u00edtica ortodoxa de juros altos\u201d, disse.<\/p>\n<p>PEC<\/p>\n<p>Na semana passada, o ministro da Fazenda, Henrique Meireles, disse que o governo vai enviar ao Congresso Nacional uma proposta de emenda \u00e0 Constitui\u00e7\u00e3o para garantir autonomia operacional ao BC.<\/p>\n<p>Na ocasi\u00e3o, o ministro explicou que a autonomia para tomar decis\u00f5es n\u00e3o se confunde com independ\u00eancia e com a ado\u00e7\u00e3o de mandatos para a diretoria do BC. \u201cO que vai ser definido formalmente, isso \u00e9 mais importante do que parece, \u00e9 a autonomia t\u00e9cnica. No momento, n\u00e3o h\u00e1 defini\u00e7\u00e3o de mandato que seria o caso de uma independ\u00eancia formal do Banco Central, o que \u00e9 uma quest\u00e3o que ser\u00e1 sempre objeto de discuss\u00e3o\u201d, disse.<\/p>\n<p>Karine Melo \u2013 Rep\u00f3rter da Ag\u00eancia Brasil<br \/>\nEdi\u00e7\u00e3o: Denise Griesinger<br \/>\n30\/05\/2016<\/p>\n","protected":false},"excerpt":{"rendered":"<p>O economista Ilan Goldfajn ser\u00e1 sabatinado na pr\u00f3xima quarta-feira (1\u00b0) na Comiss\u00e3o de Assuntos Econ\u00f4micos (CAE) do Senado para o cargo de presidente do Banco Central (BC). O relator da mat\u00e9ria e vice-presidente da CAE, senador Raimundo Lira (PMDB-PB), protocolou o relat\u00f3rio sobre a indica\u00e7\u00e3o. O conte\u00fado ser\u00e1 discutido na ter\u00e7a-feira (31), um dia antes [&hellip;]<\/p>\n","protected":false},"author":2,"featured_media":28951,"comment_status":"open","ping_status":"closed","sticky":false,"template":"","format":"standard","meta":{"_genesis_hide_title":false,"_genesis_hide_breadcrumbs":false,"_genesis_hide_singular_image":false,"_genesis_hide_footer_widgets":false,"_genesis_custom_body_class":"","_genesis_custom_post_class":"","_genesis_layout":"","_jetpack_memberships_contains_paid_content":false,"footnotes":""},"categories":[22,7],"tags":[],"class_list":{"0":"post-87132","1":"post","2":"type-post","3":"status-publish","4":"format-standard","5":"has-post-thumbnail","7":"category-brasil","8":"category-economia","9":"entry","10":"gs-1","11":"gs-odd","12":"gs-even","13":"gs-featured-content-entry"},"jetpack_featured_media_url":"https:\/\/www.redenoticia.com.br\/noticia\/imagens\/concurso-inscricao-vagas-ate.jpg","jetpack_sharing_enabled":true,"jetpack_likes_enabled":true,"_links":{"self":[{"href":"https:\/\/www.redenoticia.com.br\/noticia\/wp-json\/wp\/v2\/posts\/87132","targetHints":{"allow":["GET"]}}],"collection":[{"href":"https:\/\/www.redenoticia.com.br\/noticia\/wp-json\/wp\/v2\/posts"}],"about":[{"href":"https:\/\/www.redenoticia.com.br\/noticia\/wp-json\/wp\/v2\/types\/post"}],"author":[{"embeddable":true,"href":"https:\/\/www.redenoticia.com.br\/noticia\/wp-json\/wp\/v2\/users\/2"}],"replies":[{"embeddable":true,"href":"https:\/\/www.redenoticia.com.br\/noticia\/wp-json\/wp\/v2\/comments?post=87132"}],"version-history":[{"count":0,"href":"https:\/\/www.redenoticia.com.br\/noticia\/wp-json\/wp\/v2\/posts\/87132\/revisions"}],"wp:featuredmedia":[{"embeddable":true,"href":"https:\/\/www.redenoticia.com.br\/noticia\/wp-json\/wp\/v2\/media\/28951"}],"wp:attachment":[{"href":"https:\/\/www.redenoticia.com.br\/noticia\/wp-json\/wp\/v2\/media?parent=87132"}],"wp:term":[{"taxonomy":"category","embeddable":true,"href":"https:\/\/www.redenoticia.com.br\/noticia\/wp-json\/wp\/v2\/categories?post=87132"},{"taxonomy":"post_tag","embeddable":true,"href":"https:\/\/www.redenoticia.com.br\/noticia\/wp-json\/wp\/v2\/tags?post=87132"}],"curies":[{"name":"wp","href":"https:\/\/api.w.org\/{rel}","templated":true}]}}