{"id":87126,"date":"2016-05-30T10:36:56","date_gmt":"2016-05-30T13:36:56","guid":{"rendered":"http:\/\/www.redenoticia.com.br\/noticia\/?p=87126"},"modified":"2016-05-27T16:38:02","modified_gmt":"2016-05-27T19:38:02","slug":"importancia-do-programa-nascentes-na-qualidade-dos-recursos-hidricos-de-sp","status":"publish","type":"post","link":"https:\/\/www.redenoticia.com.br\/noticia\/2016\/importancia-do-programa-nascentes-na-qualidade-dos-recursos-hidricos-de-sp\/87126","title":{"rendered":"Import\u00e2ncia do Programa Nascentes na qualidade dos recursos h\u00eddricos de SP"},"content":{"rendered":"<p> A presen\u00e7a de cobertura vegetal em bacias hidrogr\u00e1ficas traz a regulariza\u00e7\u00e3o dos rios e a melhora na qualidade da \u00e1gua. Desta preocupa\u00e7\u00e3o surgiu o <strong><em>Programa Nascentes<\/em><\/strong>, desenvolvido pelo Governo do Estado de S\u00e3o Paulo, que tem o objetivo de restaurar 20 mil hectares de matas ciliares.<\/p>\n<p>Proteger seis mil quil\u00f4metros de cursos d&#8217;\u00e1gua: o programa tem o objetivo de aliar conserva\u00e7\u00e3o da biodiversidade \u00e0 qualidade da \u00e1gua. O projeto envolve propriet\u00e1rios locais, prefeituras, sindicatos, ONGs, secretarias de Estado, associa\u00e7\u00f5es e cooperativas. A iniciativa do Governo do Estado, por meio da Secretaria do Meio Ambiente, conta com investimentos p\u00fablicos e privados.<\/p>\n<p>Dispostas ao longo das margens dos cursos d&#8217;\u00e1gua, as matas ciliares s\u00e3o importantes pois formam uma interface din\u00e2mica entre os sistemas aqu\u00e1ticos e terrestres, trazendo benef\u00edcios como a diminui\u00e7\u00e3o do escoamento superficial das \u00e1guas das chuvas, o que acaba minimizando os processos erosivos e favorecendo a conserva\u00e7\u00e3o dos recursos h\u00eddricos.<\/p>\n<p>Inicialmente, as a\u00e7\u00f5es do governo abrangem as bacias hidrogr\u00e1ficas do Alto Tiet\u00ea, Para\u00edba do Sul e Piracicaba\/Capivari\/Jundia\u00ed, regi\u00f5es que concentram mais de 30 milh\u00f5es de habitantes. Nesta etapa, o objetivo \u00e9 recuperar 4.464 hectares de matas ciliares, uma \u00e1rea equivalente a 5.400 campos de futebol, utilizando 6,3 milh\u00f5es de mudas de esp\u00e9cies nativas.<\/p>\n<p>Atualmente, o programa j\u00e1 est\u00e1 na sua s\u00e9tim frente.\u00a0O governador Geraldo Alckmin participou no dia 30 de abril, em Itu, do plantio decorrente de compensa\u00e7\u00e3o de Termo de Compromisso de Recupera\u00e7\u00e3o Ambiental (TCRA) do projeto.\u00a0.<\/p>\n<p>Para mais informa\u00e7\u00f5es sobre o programa, acesse o\u00a0.<\/p>\n<p>Do Portal do Governo do Estado SP<\/p>\n","protected":false},"excerpt":{"rendered":"<p>A presen\u00e7a de cobertura vegetal em bacias hidrogr\u00e1ficas traz a regulariza\u00e7\u00e3o dos rios e a melhora na qualidade da \u00e1gua. Desta preocupa\u00e7\u00e3o surgiu o Programa Nascentes, desenvolvido pelo Governo do Estado de S\u00e3o Paulo, que tem o objetivo de restaurar 20 mil hectares de matas ciliares. Proteger seis mil quil\u00f4metros de cursos d&#8217;\u00e1gua: o programa [&hellip;]<\/p>\n","protected":false},"author":2,"featured_media":34905,"comment_status":"open","ping_status":"closed","sticky":false,"template":"","format":"standard","meta":{"_genesis_hide_title":false,"_genesis_hide_breadcrumbs":false,"_genesis_hide_singular_image":false,"_genesis_hide_footer_widgets":false,"_genesis_custom_body_class":"","_genesis_custom_post_class":"","_genesis_layout":"","_jetpack_memberships_contains_paid_content":false,"footnotes":""},"categories":[22],"tags":[],"class_list":{"0":"post-87126","1":"post","2":"type-post","3":"status-publish","4":"format-standard","5":"has-post-thumbnail","7":"category-brasil","8":"entry","9":"gs-1","10":"gs-odd","11":"gs-even","12":"gs-featured-content-entry"},"jetpack_featured_media_url":"https:\/\/www.redenoticia.com.br\/noticia\/imagens\/codigo-florestal.jpg","jetpack_sharing_enabled":true,"jetpack_likes_enabled":true,"_links":{"self":[{"href":"https:\/\/www.redenoticia.com.br\/noticia\/wp-json\/wp\/v2\/posts\/87126","targetHints":{"allow":["GET"]}}],"collection":[{"href":"https:\/\/www.redenoticia.com.br\/noticia\/wp-json\/wp\/v2\/posts"}],"about":[{"href":"https:\/\/www.redenoticia.com.br\/noticia\/wp-json\/wp\/v2\/types\/post"}],"author":[{"embeddable":true,"href":"https:\/\/www.redenoticia.com.br\/noticia\/wp-json\/wp\/v2\/users\/2"}],"replies":[{"embeddable":true,"href":"https:\/\/www.redenoticia.com.br\/noticia\/wp-json\/wp\/v2\/comments?post=87126"}],"version-history":[{"count":0,"href":"https:\/\/www.redenoticia.com.br\/noticia\/wp-json\/wp\/v2\/posts\/87126\/revisions"}],"wp:featuredmedia":[{"embeddable":true,"href":"https:\/\/www.redenoticia.com.br\/noticia\/wp-json\/wp\/v2\/media\/34905"}],"wp:attachment":[{"href":"https:\/\/www.redenoticia.com.br\/noticia\/wp-json\/wp\/v2\/media?parent=87126"}],"wp:term":[{"taxonomy":"category","embeddable":true,"href":"https:\/\/www.redenoticia.com.br\/noticia\/wp-json\/wp\/v2\/categories?post=87126"},{"taxonomy":"post_tag","embeddable":true,"href":"https:\/\/www.redenoticia.com.br\/noticia\/wp-json\/wp\/v2\/tags?post=87126"}],"curies":[{"name":"wp","href":"https:\/\/api.w.org\/{rel}","templated":true}]}}