{"id":86942,"date":"2016-05-27T10:16:23","date_gmt":"2016-05-27T13:16:23","guid":{"rendered":"http:\/\/www.redenoticia.com.br\/noticia\/?p=86942"},"modified":"2016-05-25T14:17:15","modified_gmt":"2016-05-25T17:17:15","slug":"taxa-de-juros-do-cheque-especial-chega-ao-recorde-de-3087-ao-ano","status":"publish","type":"post","link":"https:\/\/www.redenoticia.com.br\/noticia\/2016\/taxa-de-juros-do-cheque-especial-chega-ao-recorde-de-3087-ao-ano\/86942","title":{"rendered":"Taxa de juros do cheque especial chega ao recorde de 308,7% ao ano"},"content":{"rendered":"<p> A <strong><em>taxa de juros do cheque especial<\/em><\/strong> continuou a subir em abril. De acordo com dados do Banco Central (BC), a taxa do cheque especial subiu 7,9 pontos percentuais, de mar\u00e7o para abril, para 308,7% ao ano. Essa \u00e9 a maior taxa da s\u00e9rie hist\u00f3rica do banco, iniciada em julho de 1994.<\/p>\n<p>J\u00e1 taxa de juros do rotativo do cart\u00e3o de cr\u00e9dito caiu 0,8 ponto percentual. Mesmo assim, continua sendo a mais alta das taxas pesquisadas pelo BC. Em abril, taxa ficou em 448,6% ao ano.<\/p>\n<p>O rotativo \u00e9 o cr\u00e9dito tomado pelo consumidor quando paga menos que o valor integral da fatura do cart\u00e3o. Essa \u00e9 a modalidade com taxa de juros mais alta na pesquisa do BC.<\/p>\n<p>O chefe do Departamento Econ\u00f4mico do BC, Tulio Maciel, disse que as taxas de juros do cheque especial e do cart\u00e3o de cr\u00e9dito s\u00e3o as que mais sobem, principalmente em momentos de incertezas na economia. \u201cTem aumento de risco, tem retra\u00e7\u00e3o da atividade econ\u00f4mica\u201d, disse. Em 12 meses, a taxa de juros do cheque especial subiu 82,8 pontos percentuais, a do rotativo do cart\u00e3o de cr\u00e9dito, 101,2 pontos percentuais, enquanto a do cr\u00e9dito pessoal subiu 17,8 pontos percentuais. \u201cO uso desses empr\u00e9stimos [rotativo do cart\u00e3o de cr\u00e9dito e cheque especial] tem que ser feito com muita cautela, por per\u00edodos muito curtos\u201d, disse Maciel.<\/p>\n<p>A taxa m\u00e9dia das compras parceladas com juros, do parcelamento da fatura do cart\u00e3o de cr\u00e9dito e dos saques parcelados subiu 4,8 pontos percentuais e ficou em 150,7% ao ano.<\/p>\n<p>A taxa do cr\u00e9dito pessoal subiu 4,6 pontos percentuais para 130,8% ao ano. J\u00e1 a taxa do cr\u00e9dito consignado (com desconto em folha de pagamento) caiu 0,2 ponto percentual para 29,7% ao ano.<\/p>\n<p>A taxa m\u00e9dia de juros cobrada das fam\u00edlias subiu 1,6 pontos percentuais, de mar\u00e7o para abril, quando ficou em 70,8% ao ano.<\/p>\n<p>A inadimpl\u00eancia do cr\u00e9dito, considerados atrasos acima de 90 dias, para pessoas f\u00edsicas ficou est\u00e1vel em 6,2%.<\/p>\n<p>No caso das empresas, a taxa de inadimpl\u00eancia ficou em 5,1%, alta de 0,2 ponto percentual. A taxa m\u00e9dia de juros cobrada das pessoas jur\u00eddicas ficou est\u00e1vel em 31,1% ao ano.<\/p>\n<p>Esses dados s\u00e3o do cr\u00e9dito livre em que os bancos t\u00eam autonomia para aplicar o dinheiro captado no mercado e definir as taxas de juros.<\/p>\n<p>No caso do cr\u00e9dito direcionado (empr\u00e9stimos com regras definidas pelo governo, destinados, basicamente, aos setores habitacional, rural e de infraestrutura) a taxa de juros para as pessoas f\u00edsicas ficou em 10%, queda de 0,1 ponto percentual. A taxa cobrada das empresas caiu 0,3 ponto percentual para 11,6% ao ano. A inadimpl\u00eancia das fam\u00edlias ficou em 2,1% e das empresas em 1,2%, com alta de 0,2 ponto percentual.<\/p>\n<p>O saldo de todas as opera\u00e7\u00f5es de cr\u00e9dito concedido pelos bancos caiu 0,6%, em abril, quando ficou em R$ 3,142 trilh\u00f5es. Esse valor correspondeu a 52,4% de tudo o que o pa\u00eds produz \u2013 Produto Interno Bruto (PIB), ante o percentual de 53% registrado em mar\u00e7o deste ano.<\/p>\n<p>\u201cA desacelera\u00e7\u00e3o no mercado de cr\u00e9dito se deve, principalmente, \u00e0 retra\u00e7\u00e3o do n\u00edvel da atividade econ\u00f4mica, \u00e0 eleva\u00e7\u00e3o das taxas de juros e ao patamar reduzido dos indicadores de confian\u00e7a de empres\u00e1rios e consumidores, que afetam negativamente a oferta e a demanda de cr\u00e9dito\u201d, diz o relat\u00f3rio do BC.<\/p>\n<p>Kelly Oliveira \u2013 Rep\u00f3rter da Ag\u00eancia Brasil<br \/>\nEdi\u00e7\u00e3o: Maria Claudia<br \/>\n27\/05\/2016 <\/p>\n","protected":false},"excerpt":{"rendered":"<p>A taxa de juros do cheque especial continuou a subir em abril. De acordo com dados do Banco Central (BC), a taxa do cheque especial subiu 7,9 pontos percentuais, de mar\u00e7o para abril, para 308,7% ao ano. Essa \u00e9 a maior taxa da s\u00e9rie hist\u00f3rica do banco, iniciada em julho de 1994. J\u00e1 taxa de [&hellip;]<\/p>\n","protected":false},"author":2,"featured_media":57583,"comment_status":"open","ping_status":"closed","sticky":false,"template":"","format":"standard","meta":{"_genesis_hide_title":false,"_genesis_hide_breadcrumbs":false,"_genesis_hide_singular_image":false,"_genesis_hide_footer_widgets":false,"_genesis_custom_body_class":"","_genesis_custom_post_class":"","_genesis_layout":"","_jetpack_memberships_contains_paid_content":false,"footnotes":""},"categories":[22,7],"tags":[],"class_list":{"0":"post-86942","1":"post","2":"type-post","3":"status-publish","4":"format-standard","5":"has-post-thumbnail","7":"category-brasil","8":"category-economia","9":"entry","10":"gs-1","11":"gs-odd","12":"gs-even","13":"gs-featured-content-entry"},"jetpack_featured_media_url":"https:\/\/www.redenoticia.com.br\/noticia\/imagens\/economia-grafico.jpg","jetpack_sharing_enabled":true,"jetpack_likes_enabled":true,"_links":{"self":[{"href":"https:\/\/www.redenoticia.com.br\/noticia\/wp-json\/wp\/v2\/posts\/86942","targetHints":{"allow":["GET"]}}],"collection":[{"href":"https:\/\/www.redenoticia.com.br\/noticia\/wp-json\/wp\/v2\/posts"}],"about":[{"href":"https:\/\/www.redenoticia.com.br\/noticia\/wp-json\/wp\/v2\/types\/post"}],"author":[{"embeddable":true,"href":"https:\/\/www.redenoticia.com.br\/noticia\/wp-json\/wp\/v2\/users\/2"}],"replies":[{"embeddable":true,"href":"https:\/\/www.redenoticia.com.br\/noticia\/wp-json\/wp\/v2\/comments?post=86942"}],"version-history":[{"count":0,"href":"https:\/\/www.redenoticia.com.br\/noticia\/wp-json\/wp\/v2\/posts\/86942\/revisions"}],"wp:featuredmedia":[{"embeddable":true,"href":"https:\/\/www.redenoticia.com.br\/noticia\/wp-json\/wp\/v2\/media\/57583"}],"wp:attachment":[{"href":"https:\/\/www.redenoticia.com.br\/noticia\/wp-json\/wp\/v2\/media?parent=86942"}],"wp:term":[{"taxonomy":"category","embeddable":true,"href":"https:\/\/www.redenoticia.com.br\/noticia\/wp-json\/wp\/v2\/categories?post=86942"},{"taxonomy":"post_tag","embeddable":true,"href":"https:\/\/www.redenoticia.com.br\/noticia\/wp-json\/wp\/v2\/tags?post=86942"}],"curies":[{"name":"wp","href":"https:\/\/api.w.org\/{rel}","templated":true}]}}