{"id":86940,"date":"2016-05-27T10:15:23","date_gmt":"2016-05-27T13:15:23","guid":{"rendered":"http:\/\/www.redenoticia.com.br\/noticia\/?p=86940"},"modified":"2016-05-25T14:16:19","modified_gmt":"2016-05-25T17:16:19","slug":"custo-da-construcao-perde-forca-e-empresarios-do-setor-estao-mais-confiantes","status":"publish","type":"post","link":"https:\/\/www.redenoticia.com.br\/noticia\/2016\/custo-da-construcao-perde-forca-e-empresarios-do-setor-estao-mais-confiantes\/86940","title":{"rendered":"Custo da constru\u00e7\u00e3o perde for\u00e7a e empres\u00e1rios do setor est\u00e3o mais confiantes"},"content":{"rendered":"<p> O <strong><em>\u00cdndice Nacional de Custo da Constru\u00e7\u00e3o<\/em><\/strong> do Mercado (INCC-M) teve alta de 0,19% em maio, taxa inferior ao aumento registrado em abril (0,41%). No acumulado do ano, o \u00edndice apresentou varia\u00e7\u00e3o de 2,25% e, nos \u00faltimos 12 meses, 6,77%.<\/p>\n<p>O levantamento feito pelo Instituto Brasileiro de Economia da Funda\u00e7\u00e3o Getulio Vargas (Ibre\/FGV) mostra redu\u00e7\u00f5es no ritmo de aumento tanto em materiais, equipamentos e servi\u00e7os (de 0,29% para 0,04%) quanto em m\u00e3o de obra (de 0,52% para 0,32%). Das sete capitais pesquisadas, o \u00edndice aumentou em duas, caiu em outras duas e em tr\u00eas capitais, a intensidade de alta diminuiu.<\/p>\n<p>Em Bras\u00edlia, o INCC-M passou de 0,06% para -0,21%; em Belo Horizonte (de 0,96% para -0,07%); em Salvador (de 2,23% para 1,72%); no Recife (de 0,13% para 0,12%); em Porto Alegre (de 0,54% para 0,15%); e as altas foram observadas no Rio de Janeiro (de 0,04% para 0,05%); e em S\u00e3o Paulo (de 0,04% para 0,07%).<\/p>\n<p>Confian\u00e7a dos empres\u00e1rios<\/p>\n<p>J\u00e1 o \u00edndice que mede a confian\u00e7a dos empres\u00e1rios do setor de constru\u00e7\u00e3o, o \u00cdndice de Confian\u00e7a da Constru\u00e7\u00e3o (ICST), aumentou 2,1 pontos em maio, ao atingir 69,1 pontos. Trata-se da melhor marca desde dezembro de 2015 (69,4 pontos). Em rela\u00e7\u00e3o \u00e0 m\u00e9dia m\u00f3vel trimestral de abril, o resultado teve um acr\u00e9scimo de 0,8 ponto na margem, interrompendo a sequ\u00eancia de 29 quedas seguidas desde dezembro de 2013.<\/p>\n<p>Essa eleva\u00e7\u00e3o reflete melhora das expectativas de curto prazo. O \u00cdndice de Expectativas (IE-CST) cresceu 5,7 pontos, alcan\u00e7ando 77,9 pontos, no maior avan\u00e7o desde junho de 2015 (78,1 pontos). J\u00e1 o \u00cdndice da Situa\u00e7\u00e3o Atual (ISA-CST), recuou 1,5 ponto, alcan\u00e7ando novo piso hist\u00f3rico de 60,9 pontos.<\/p>\n<p>&#8220;Os empres\u00e1rios tornaram-se menos pessimistas quanto ao futuro pr\u00f3ximo, embora a atividade continue em decl\u00ednio. No entanto, se o investimento em infraestrutura e no mercado habitacional n\u00e3o voltar a se expandir, o indicador de expectativas n\u00e3o deve sustentar a melhora dos \u00faltimos meses\u201d, justificou por meio de nota, a economista Ana Maria Castelo, coordenadora de projetos da constru\u00e7\u00e3o do Ibre\/FGV.<\/p>\n<p>Ela observou que \u201cem todos os segmentos cresceu a percep\u00e7\u00e3o de que o ritmo de queda da demanda deve desacelerar no curto prazo, alimentando a confian\u00e7a empresarial\u201d. Apesar disso, a economista acredita que \u201c as dificuldades do atual cen\u00e1rio econ\u00f4mico e pol\u00edtico sugerem que \u00e9 um tempo muito curto para que, de fato, ocorra esta revers\u00e3o\u201d.<\/p>\n<p>Marli Moreira \u2013 Rep\u00f3rter da Ag\u00eancia Brasil<br \/>\nEdi\u00e7\u00e3o: Denise Griesinger<br \/>\n27\/05\/2016<\/p>\n","protected":false},"excerpt":{"rendered":"<p>O \u00cdndice Nacional de Custo da Constru\u00e7\u00e3o do Mercado (INCC-M) teve alta de 0,19% em maio, taxa inferior ao aumento registrado em abril (0,41%). No acumulado do ano, o \u00edndice apresentou varia\u00e7\u00e3o de 2,25% e, nos \u00faltimos 12 meses, 6,77%. O levantamento feito pelo Instituto Brasileiro de Economia da Funda\u00e7\u00e3o Getulio Vargas (Ibre\/FGV) mostra redu\u00e7\u00f5es [&hellip;]<\/p>\n","protected":false},"author":2,"featured_media":57584,"comment_status":"open","ping_status":"closed","sticky":false,"template":"","format":"standard","meta":{"_genesis_hide_title":false,"_genesis_hide_breadcrumbs":false,"_genesis_hide_singular_image":false,"_genesis_hide_footer_widgets":false,"_genesis_custom_body_class":"","_genesis_custom_post_class":"","_genesis_layout":"","_jetpack_memberships_contains_paid_content":false,"footnotes":""},"categories":[22,7],"tags":[],"class_list":{"0":"post-86940","1":"post","2":"type-post","3":"status-publish","4":"format-standard","5":"has-post-thumbnail","7":"category-brasil","8":"category-economia","9":"entry","10":"gs-1","11":"gs-odd","12":"gs-even","13":"gs-featured-content-entry"},"jetpack_featured_media_url":"https:\/\/www.redenoticia.com.br\/noticia\/imagens\/economia-grafica-analise-inflacao.jpg","jetpack_sharing_enabled":true,"jetpack_likes_enabled":true,"_links":{"self":[{"href":"https:\/\/www.redenoticia.com.br\/noticia\/wp-json\/wp\/v2\/posts\/86940","targetHints":{"allow":["GET"]}}],"collection":[{"href":"https:\/\/www.redenoticia.com.br\/noticia\/wp-json\/wp\/v2\/posts"}],"about":[{"href":"https:\/\/www.redenoticia.com.br\/noticia\/wp-json\/wp\/v2\/types\/post"}],"author":[{"embeddable":true,"href":"https:\/\/www.redenoticia.com.br\/noticia\/wp-json\/wp\/v2\/users\/2"}],"replies":[{"embeddable":true,"href":"https:\/\/www.redenoticia.com.br\/noticia\/wp-json\/wp\/v2\/comments?post=86940"}],"version-history":[{"count":0,"href":"https:\/\/www.redenoticia.com.br\/noticia\/wp-json\/wp\/v2\/posts\/86940\/revisions"}],"wp:featuredmedia":[{"embeddable":true,"href":"https:\/\/www.redenoticia.com.br\/noticia\/wp-json\/wp\/v2\/media\/57584"}],"wp:attachment":[{"href":"https:\/\/www.redenoticia.com.br\/noticia\/wp-json\/wp\/v2\/media?parent=86940"}],"wp:term":[{"taxonomy":"category","embeddable":true,"href":"https:\/\/www.redenoticia.com.br\/noticia\/wp-json\/wp\/v2\/categories?post=86940"},{"taxonomy":"post_tag","embeddable":true,"href":"https:\/\/www.redenoticia.com.br\/noticia\/wp-json\/wp\/v2\/tags?post=86940"}],"curies":[{"name":"wp","href":"https:\/\/api.w.org\/{rel}","templated":true}]}}