{"id":86938,"date":"2016-05-27T10:13:54","date_gmt":"2016-05-27T13:13:54","guid":{"rendered":"http:\/\/www.redenoticia.com.br\/noticia\/?p=86938"},"modified":"2016-05-25T14:15:16","modified_gmt":"2016-05-25T17:15:16","slug":"confianca-do-comercio-avanca-43-pontos-e-atinge-maior-nivel-desde-junho-de-2015","status":"publish","type":"post","link":"https:\/\/www.redenoticia.com.br\/noticia\/2016\/confianca-do-comercio-avanca-43-pontos-e-atinge-maior-nivel-desde-junho-de-2015\/86938","title":{"rendered":"Confian\u00e7a do com\u00e9rcio avan\u00e7a 4,3 pontos e atinge maior n\u00edvel desde junho de 2015"},"content":{"rendered":"<p> O <strong><em>\u00cdndice de Confian\u00e7a do Com\u00e9rcio<\/em><\/strong> (Icom) avan\u00e7ou 4,3 pontos em maio e chegou a 70,9 pontos \u2013 maior n\u00edvel desde junho de 2015. Os dados da Sondagem do Com\u00e9rcio foram divulgados pelo Instituto Brasileiro de Economia (Ibre) da Funda\u00e7\u00e3o Getulio Vargas (FGV).<\/p>\n<p>Em abril, o indicador fechou em queda, de 0,5%. Quando a compara\u00e7\u00e3o \u00e9 feita com maio do ano passado, no entanto, o \u00edndice continua negativo, em 3%.<\/p>\n<p>Na avalia\u00e7\u00e3o do superintendente adjunto para Ciclos Econ\u00f4micos da FGV, Alo\u00edsio Campelo, embora a alta mais expressiva de maio do \u00cdndice de Confian\u00e7a do Com\u00e9rcio capte \u201ca redu\u00e7\u00e3o do pessimismo no setor\u201d, isso deve ser interpretado \u201ccom alguma cautela\u201d. \u201cPrimeiro porque o n\u00edvel da confian\u00e7a ainda est\u00e1 muito baixo, segundo porque a alta do \u00edndice em 2016 tem ocorrido em fun\u00e7\u00e3o de uma leitura gradualmente mais favor\u00e1vel em rela\u00e7\u00e3o \u00e0s chances de melhora do ambiente econ\u00f4mico nos meses seguintes do que devido a uma efetiva melhora das vendas ou da lucratividade no presente.\u201d<\/p>\n<p>Segmentos pesquisados<\/p>\n<p>A alta de maio na compara\u00e7\u00e3o com abril reflete resultados positivos em 12 dos 13 segmentos pesquisados no \u00e2mbito do varejo ampliado. No varejo restrito, houve alta em todos os nove subsetores. Entre os demais segmentos, a \u00fanica queda foi registrada no segmento de revendedores de Ve\u00edculos.<\/p>\n<p>A alta do Icom ocorreu tanto no \u00cdndice da Situa\u00e7\u00e3o Atual (ISA-COM), que retrata a percep\u00e7\u00e3o dos empres\u00e1rios em rela\u00e7\u00e3o ao momento atual, e que subiu 2,7 pontos, alcan\u00e7ando 62,5 pontos; quanto no \u00cdndice de Expectativas (IE-COM), que subiu 5,5 pontos em maio, chegando a 80,3 pontos, o maior valor desde maio do ano passado.<\/p>\n<p>Sobre o \u00cdndice da Situa\u00e7\u00e3o Atual, dada a evolu\u00e7\u00e3o desfavor\u00e1vel deste indicador nos meses anteriores, no entanto, o resultado foi insuficiente para alterar a tend\u00eancia de queda do indicador de m\u00e9dias trimestrais, que recuou 0,3 ponto no m\u00eas.<\/p>\n<p>Entre os componentes do \u00edndice, a alta mais acentuada em maio ocorreu no quesito que mede o grau de satisfa\u00e7\u00e3o com o volume atual da demanda, que avan\u00e7ou 4,2 pontos em rela\u00e7\u00e3o ao m\u00eas anterior, alcan\u00e7ando 64,2 pontos.<\/p>\n<p>No \u00cdndice de Expectativa, a maior contribui\u00e7\u00e3o para a alta veio do quesito que mede o grau de otimismo com a evolu\u00e7\u00e3o das vendas nos tr\u00eas meses seguintes, que cresceu 5,8 pontos, atingindo 79,9 pontos.<\/p>\n<p>Embora os dois sub\u00edndices tenham crescido em maio, A FGV destaca o avan\u00e7o mais expressivo do \u00cdndice de Expectativa, o que acentuou a dist\u00e2ncia em rela\u00e7\u00e3o ao \u00cdndice de Expectativa do Consumidor para o recorde hist\u00f3rico de 17,8 pontos.<\/p>\n<p>A edi\u00e7\u00e3o de maio coletou informa\u00e7\u00f5es de 1.223 empresas entre os dias 2 e 20 deste m\u00eas. A pr\u00f3xima divulga\u00e7\u00e3o da Sondagem do Com\u00e9rcio ocorrer\u00e1 em 30 de junho de 2016.<\/p>\n<p>Nielmar de Oliveira &#8211; Rep\u00f3rter da Ag\u00eancia Brasil<br \/>\nEdi\u00e7\u00e3o: Talita Cavalcante<br \/>\n27\/05\/2016<\/p>\n","protected":false},"excerpt":{"rendered":"<p>O \u00cdndice de Confian\u00e7a do Com\u00e9rcio (Icom) avan\u00e7ou 4,3 pontos em maio e chegou a 70,9 pontos \u2013 maior n\u00edvel desde junho de 2015. Os dados da Sondagem do Com\u00e9rcio foram divulgados pelo Instituto Brasileiro de Economia (Ibre) da Funda\u00e7\u00e3o Getulio Vargas (FGV). Em abril, o indicador fechou em queda, de 0,5%. Quando a compara\u00e7\u00e3o [&hellip;]<\/p>\n","protected":false},"author":2,"featured_media":57585,"comment_status":"open","ping_status":"closed","sticky":false,"template":"","format":"standard","meta":{"_genesis_hide_title":false,"_genesis_hide_breadcrumbs":false,"_genesis_hide_singular_image":false,"_genesis_hide_footer_widgets":false,"_genesis_custom_body_class":"","_genesis_custom_post_class":"","_genesis_layout":"","_jetpack_memberships_contains_paid_content":false,"footnotes":""},"categories":[22,7],"tags":[],"class_list":{"0":"post-86938","1":"post","2":"type-post","3":"status-publish","4":"format-standard","5":"has-post-thumbnail","7":"category-brasil","8":"category-economia","9":"entry","10":"gs-1","11":"gs-odd","12":"gs-even","13":"gs-featured-content-entry"},"jetpack_featured_media_url":"https:\/\/www.redenoticia.com.br\/noticia\/imagens\/analise-economia.jpg","jetpack_sharing_enabled":true,"jetpack_likes_enabled":true,"_links":{"self":[{"href":"https:\/\/www.redenoticia.com.br\/noticia\/wp-json\/wp\/v2\/posts\/86938","targetHints":{"allow":["GET"]}}],"collection":[{"href":"https:\/\/www.redenoticia.com.br\/noticia\/wp-json\/wp\/v2\/posts"}],"about":[{"href":"https:\/\/www.redenoticia.com.br\/noticia\/wp-json\/wp\/v2\/types\/post"}],"author":[{"embeddable":true,"href":"https:\/\/www.redenoticia.com.br\/noticia\/wp-json\/wp\/v2\/users\/2"}],"replies":[{"embeddable":true,"href":"https:\/\/www.redenoticia.com.br\/noticia\/wp-json\/wp\/v2\/comments?post=86938"}],"version-history":[{"count":0,"href":"https:\/\/www.redenoticia.com.br\/noticia\/wp-json\/wp\/v2\/posts\/86938\/revisions"}],"wp:featuredmedia":[{"embeddable":true,"href":"https:\/\/www.redenoticia.com.br\/noticia\/wp-json\/wp\/v2\/media\/57585"}],"wp:attachment":[{"href":"https:\/\/www.redenoticia.com.br\/noticia\/wp-json\/wp\/v2\/media?parent=86938"}],"wp:term":[{"taxonomy":"category","embeddable":true,"href":"https:\/\/www.redenoticia.com.br\/noticia\/wp-json\/wp\/v2\/categories?post=86938"},{"taxonomy":"post_tag","embeddable":true,"href":"https:\/\/www.redenoticia.com.br\/noticia\/wp-json\/wp\/v2\/tags?post=86938"}],"curies":[{"name":"wp","href":"https:\/\/api.w.org\/{rel}","templated":true}]}}