{"id":86936,"date":"2016-05-27T10:12:39","date_gmt":"2016-05-27T13:12:39","guid":{"rendered":"http:\/\/www.redenoticia.com.br\/noticia\/?p=86936"},"modified":"2016-05-25T14:13:48","modified_gmt":"2016-05-25T17:13:48","slug":"puxada-pela-alimentacao-inflacao-volta-a-subir-em-sao-paulo","status":"publish","type":"post","link":"https:\/\/www.redenoticia.com.br\/noticia\/2016\/puxada-pela-alimentacao-inflacao-volta-a-subir-em-sao-paulo\/86936","title":{"rendered":"Puxada pela alimenta\u00e7\u00e3o, infla\u00e7\u00e3o volta a subir em S\u00e3o Paulo"},"content":{"rendered":"<p> O <strong><em>\u00cdndice de Pre\u00e7os ao Consumidor<\/em><\/strong> (IPC), medido pela Funda\u00e7\u00e3o Instituto de Pesquisas Econ\u00f4micas (Fipe) na cidade de S\u00e3o Paulo, atingiu 0,5%, na terceira quadrissemana de maio, ficando acima do resultado da segunda pr\u00e9via do m\u00eas (0,41%).<\/p>\n<p>Quatro dos sete grupos pesquisados tiveram aumento no ritmo de alta, com destaque para alimenta\u00e7\u00e3o que passou de 0,5% para 0,7%.<\/p>\n<p>Em habita\u00e7\u00e3o, a taxa subiu de 0,13% para 0,22%. Em despesas pessoais, a taxa passou de 0,92% para 1,18% e, no grupo vestu\u00e1rio, de 0,75% para 0,99%. O levantamento mostra que, apesar de o grupo sa\u00fade apresentar o maior \u00edndice (1,99%), a alta perdeu for\u00e7a porque na pesquisa anterior essa classe de despesa havia subido com mais intensidade (2,4%).<\/p>\n<p>Em educa\u00e7\u00e3o, a taxa ficou est\u00e1vel em 0,16%. J\u00e1 no grupo transporte foi constatada queda de 0,59%. Essa retra\u00e7\u00e3o foi mais expressiva do que a registrada na segunda pr\u00e9via do m\u00eas (-0,54%).<\/p>\n<p>Marli Moreira &#8211; Rep\u00f3rter da Ag\u00eancia Brasil<br \/>\nEdi\u00e7\u00e3o: Talita Cavalcante<br \/>\n27\/05\/2016<\/p>\n","protected":false},"excerpt":{"rendered":"<p>O \u00cdndice de Pre\u00e7os ao Consumidor (IPC), medido pela Funda\u00e7\u00e3o Instituto de Pesquisas Econ\u00f4micas (Fipe) na cidade de S\u00e3o Paulo, atingiu 0,5%, na terceira quadrissemana de maio, ficando acima do resultado da segunda pr\u00e9via do m\u00eas (0,41%). Quatro dos sete grupos pesquisados tiveram aumento no ritmo de alta, com destaque para alimenta\u00e7\u00e3o que passou de [&hellip;]<\/p>\n","protected":false},"author":2,"featured_media":36215,"comment_status":"open","ping_status":"closed","sticky":false,"template":"","format":"standard","meta":{"_genesis_hide_title":false,"_genesis_hide_breadcrumbs":false,"_genesis_hide_singular_image":false,"_genesis_hide_footer_widgets":false,"_genesis_custom_body_class":"","_genesis_custom_post_class":"","_genesis_layout":"","_jetpack_memberships_contains_paid_content":false,"footnotes":""},"categories":[22,7],"tags":[],"class_list":{"0":"post-86936","1":"post","2":"type-post","3":"status-publish","4":"format-standard","5":"has-post-thumbnail","7":"category-brasil","8":"category-economia","9":"entry","10":"gs-1","11":"gs-odd","12":"gs-even","13":"gs-featured-content-entry"},"jetpack_featured_media_url":"https:\/\/www.redenoticia.com.br\/noticia\/imagens\/alimento-pao-salgados.jpg","jetpack_sharing_enabled":true,"jetpack_likes_enabled":true,"_links":{"self":[{"href":"https:\/\/www.redenoticia.com.br\/noticia\/wp-json\/wp\/v2\/posts\/86936","targetHints":{"allow":["GET"]}}],"collection":[{"href":"https:\/\/www.redenoticia.com.br\/noticia\/wp-json\/wp\/v2\/posts"}],"about":[{"href":"https:\/\/www.redenoticia.com.br\/noticia\/wp-json\/wp\/v2\/types\/post"}],"author":[{"embeddable":true,"href":"https:\/\/www.redenoticia.com.br\/noticia\/wp-json\/wp\/v2\/users\/2"}],"replies":[{"embeddable":true,"href":"https:\/\/www.redenoticia.com.br\/noticia\/wp-json\/wp\/v2\/comments?post=86936"}],"version-history":[{"count":0,"href":"https:\/\/www.redenoticia.com.br\/noticia\/wp-json\/wp\/v2\/posts\/86936\/revisions"}],"wp:featuredmedia":[{"embeddable":true,"href":"https:\/\/www.redenoticia.com.br\/noticia\/wp-json\/wp\/v2\/media\/36215"}],"wp:attachment":[{"href":"https:\/\/www.redenoticia.com.br\/noticia\/wp-json\/wp\/v2\/media?parent=86936"}],"wp:term":[{"taxonomy":"category","embeddable":true,"href":"https:\/\/www.redenoticia.com.br\/noticia\/wp-json\/wp\/v2\/categories?post=86936"},{"taxonomy":"post_tag","embeddable":true,"href":"https:\/\/www.redenoticia.com.br\/noticia\/wp-json\/wp\/v2\/tags?post=86936"}],"curies":[{"name":"wp","href":"https:\/\/api.w.org\/{rel}","templated":true}]}}