{"id":86908,"date":"2016-05-25T10:47:07","date_gmt":"2016-05-25T13:47:07","guid":{"rendered":"http:\/\/www.redenoticia.com.br\/noticia\/?p=86908"},"modified":"2016-05-24T16:47:48","modified_gmt":"2016-05-24T19:47:48","slug":"gastos-de-brasileiros-no-exterior-sao-os-menores-para-abril-desde-2009","status":"publish","type":"post","link":"https:\/\/www.redenoticia.com.br\/noticia\/2016\/gastos-de-brasileiros-no-exterior-sao-os-menores-para-abril-desde-2009\/86908","title":{"rendered":"Gastos de brasileiros no exterior s\u00e3o os menores para abril desde 2009"},"content":{"rendered":"<p> Os <strong><em>gastos de brasileiros no exterior<\/em><\/strong> ficaram em US$ 1,076 bilh\u00e3o, em abril, informou o Banco Central (BC). Esse \u00e9 o menor valor para o per\u00edodo desde abril de 2009, quanto totalizou US$ 770 milh\u00f5es. No mesmo m\u00eas de 2015, os gastos ficaram em US$ 1,644 bilh\u00e3o.<\/p>\n<p>No primeiro quadrimestre desde ano, os gastos dos brasileiros somaram US$ 4,048 bilh\u00f5es, contra US$ 6,876 bilh\u00f5es em igual per\u00edodo de 2015.<\/p>\n<p>O chefe do Departamento Econ\u00f4mico do BC, Tulio Maciel, disse que a menor cota\u00e7\u00e3o recente do d\u00f3lar pode estimular os gastos no exterior, embora a contrata\u00e7\u00e3o dos servi\u00e7os de viagens seja feita com anteced\u00eancia. \u201c\u00c9 uma conta sens\u00edvel \u00e0 varia\u00e7\u00e3o de c\u00e2mbio. O movimento mais recente tende a contribuir, muito embora haja uma defasagem. As pessoas contratam sua viagem com certa anteced\u00eancia\u201d disse.<\/p>\n<p>Mesmo assim, Maciel destacou que o d\u00f3lar este ano est\u00e1 30% mais caro que em 2015 e h\u00e1 queda da renda dos brasileiros, o que leva \u00e0 redu\u00e7\u00e3o dos gastos no exterior. \u201cCom a atividade retraindo, h\u00e1 recuo da renda e naturalmente isso tem impacto na conta de viagens. \u00c9 um produto de lazer e tem elasticidade\u201d, afirmou.<\/p>\n<p>As receitas de estrangeiros em viagem no Brasil ficaram em US$ 475 milh\u00f5es, no m\u00eas passado, contra US$ 444 milh\u00f5es registrados em abril de 2015. De janeiro a abril, as receitas ficaram em US$ 2,320 bilh\u00f5es, ante US$ 2,081 bilh\u00f5es em igual per\u00edodo de 2015.<\/p>\n<p>Com esses resultados das despesas de brasileiros no exterior e as receitas de estrangeiros no Brasil, a conta de viagens internacionais ficou negativa em US$ 602 milh\u00f5es, em abril, e em US$ 1,728 bilh\u00e3o, nos quatro meses do ano.<\/p>\n<p>Kelly Oliveira &#8211; Rep\u00f3rter da Ag\u00eancia Brasil<br \/>\nEdi\u00e7\u00e3o: Maria Claudia<br \/>\n25\/05\/2016 <\/p>\n","protected":false},"excerpt":{"rendered":"<p>Os gastos de brasileiros no exterior ficaram em US$ 1,076 bilh\u00e3o, em abril, informou o Banco Central (BC). Esse \u00e9 o menor valor para o per\u00edodo desde abril de 2009, quanto totalizou US$ 770 milh\u00f5es. No mesmo m\u00eas de 2015, os gastos ficaram em US$ 1,644 bilh\u00e3o. No primeiro quadrimestre desde ano, os gastos dos [&hellip;]<\/p>\n","protected":false},"author":2,"featured_media":57583,"comment_status":"open","ping_status":"closed","sticky":false,"template":"","format":"standard","meta":{"_genesis_hide_title":false,"_genesis_hide_breadcrumbs":false,"_genesis_hide_singular_image":false,"_genesis_hide_footer_widgets":false,"_genesis_custom_body_class":"","_genesis_custom_post_class":"","_genesis_layout":"","_jetpack_memberships_contains_paid_content":false,"footnotes":""},"categories":[22,7],"tags":[],"class_list":{"0":"post-86908","1":"post","2":"type-post","3":"status-publish","4":"format-standard","5":"has-post-thumbnail","7":"category-brasil","8":"category-economia","9":"entry","10":"gs-1","11":"gs-odd","12":"gs-even","13":"gs-featured-content-entry"},"jetpack_featured_media_url":"https:\/\/www.redenoticia.com.br\/noticia\/imagens\/economia-grafico.jpg","jetpack_sharing_enabled":true,"jetpack_likes_enabled":true,"_links":{"self":[{"href":"https:\/\/www.redenoticia.com.br\/noticia\/wp-json\/wp\/v2\/posts\/86908","targetHints":{"allow":["GET"]}}],"collection":[{"href":"https:\/\/www.redenoticia.com.br\/noticia\/wp-json\/wp\/v2\/posts"}],"about":[{"href":"https:\/\/www.redenoticia.com.br\/noticia\/wp-json\/wp\/v2\/types\/post"}],"author":[{"embeddable":true,"href":"https:\/\/www.redenoticia.com.br\/noticia\/wp-json\/wp\/v2\/users\/2"}],"replies":[{"embeddable":true,"href":"https:\/\/www.redenoticia.com.br\/noticia\/wp-json\/wp\/v2\/comments?post=86908"}],"version-history":[{"count":0,"href":"https:\/\/www.redenoticia.com.br\/noticia\/wp-json\/wp\/v2\/posts\/86908\/revisions"}],"wp:featuredmedia":[{"embeddable":true,"href":"https:\/\/www.redenoticia.com.br\/noticia\/wp-json\/wp\/v2\/media\/57583"}],"wp:attachment":[{"href":"https:\/\/www.redenoticia.com.br\/noticia\/wp-json\/wp\/v2\/media?parent=86908"}],"wp:term":[{"taxonomy":"category","embeddable":true,"href":"https:\/\/www.redenoticia.com.br\/noticia\/wp-json\/wp\/v2\/categories?post=86908"},{"taxonomy":"post_tag","embeddable":true,"href":"https:\/\/www.redenoticia.com.br\/noticia\/wp-json\/wp\/v2\/tags?post=86908"}],"curies":[{"name":"wp","href":"https:\/\/api.w.org\/{rel}","templated":true}]}}