{"id":86906,"date":"2016-05-25T10:46:12","date_gmt":"2016-05-25T13:46:12","guid":{"rendered":"http:\/\/www.redenoticia.com.br\/noticia\/?p=86906"},"modified":"2016-05-24T16:47:04","modified_gmt":"2016-05-24T19:47:04","slug":"numero-de-endividados-cai-mas-inadimplencia-cresce-no-pais-diz-pesquisa","status":"publish","type":"post","link":"https:\/\/www.redenoticia.com.br\/noticia\/2016\/numero-de-endividados-cai-mas-inadimplencia-cresce-no-pais-diz-pesquisa\/86906","title":{"rendered":"N\u00famero de endividados cai, mas inadimpl\u00eancia cresce no pa\u00eds, diz pesquisa"},"content":{"rendered":"<p> O percentual de <strong><em>fam\u00edlias endividadas<\/em><\/strong> no pa\u00eds ficou em 58,7% em maio deste ano, segundo a Pesquisa de Endividamento e Inadimpl\u00eancia do Consumidor (Peic), divulgada pela Confedera\u00e7\u00e3o Nacional do Com\u00e9rcio de Bens, Servi\u00e7os e Turismo (CNC). A taxa \u00e9 menor do que as de abril deste ano (59,6%) e de maio do ano passado (62,4%). \u00c9 tamb\u00e9m o resultado mais baixo desde fevereiro de 2015 (57,8%).<\/p>\n<p> Por outro lado, a inadimpl\u00eancia cresceu em maio deste ano, j\u00e1 que o percentual de fam\u00edlias com d\u00edvidas ou contas em atraso passou de 23,2% em abril deste ano para 23,7% neste m\u00eas. A taxa de maio deste ano tamb\u00e9m \u00e9 superior \u00e0quela observada em maio de 2015 (21,1%).<\/p>\n<p>O percentual de fam\u00edlias que n\u00e3o ter\u00e3o condi\u00e7\u00f5es de pagar suas contas tamb\u00e9m cresceu e chegou a 9% em maio deste ano. Em abril, a taxa havia ficado em 8,2% e, em maio do ano passado, em 7,4%.<\/p>\n<p>As fam\u00edlias que se consideram muito endividadas chegaram a 14,9% do total de pessoas com d\u00edvidas no pa\u00eds, maior percentual desde dezembro de 2011 (15,4%). A m\u00e9dia do tempo com pagamento em atraso ficou em 62,6 dias.<\/p>\n<p>Vitor Abdala \u2013 Rep\u00f3rter da Ag\u00eancia Brasil<br \/>\nEdi\u00e7\u00e3o: Maria Claudia<br \/>\n25\/05\/2016<br \/>\n&#8212;<br \/>\nA Empresa Brasil de Comunica\u00e7\u00e3o \u00e9 uma institui\u00e7\u00e3o da democracia brasileira: p\u00fablica, inclusiva e cidad\u00e3.  Criada em 2007 para fortalecer o sistema p\u00fablico de comunica\u00e7\u00e3o, \u00e9 gestora dos canais TV Brasil, TV Brasil Internacional, Ag\u00eancia Brasil, Radioag\u00eancia Nacional e do sistema p\u00fablico de R\u00e1dio \u2013 composto por oito emissoras. Estes, por sua independ\u00eancia editorial, distinguem-se dos canais estatais ou governamentais, com conte\u00fados diferenciados e complementares aos canais privados. Os ve\u00edculos da EBC t\u00eam autonomia para definir produ\u00e7\u00e3o, programa\u00e7\u00e3o e distribui\u00e7\u00e3o de conte\u00fados.<\/p>\n","protected":false},"excerpt":{"rendered":"<p>O percentual de fam\u00edlias endividadas no pa\u00eds ficou em 58,7% em maio deste ano, segundo a Pesquisa de Endividamento e Inadimpl\u00eancia do Consumidor (Peic), divulgada pela Confedera\u00e7\u00e3o Nacional do Com\u00e9rcio de Bens, Servi\u00e7os e Turismo (CNC). A taxa \u00e9 menor do que as de abril deste ano (59,6%) e de maio do ano passado (62,4%). [&hellip;]<\/p>\n","protected":false},"author":2,"featured_media":57584,"comment_status":"open","ping_status":"closed","sticky":false,"template":"","format":"standard","meta":{"_genesis_hide_title":false,"_genesis_hide_breadcrumbs":false,"_genesis_hide_singular_image":false,"_genesis_hide_footer_widgets":false,"_genesis_custom_body_class":"","_genesis_custom_post_class":"","_genesis_layout":"","_jetpack_memberships_contains_paid_content":false,"footnotes":""},"categories":[22,7],"tags":[],"class_list":{"0":"post-86906","1":"post","2":"type-post","3":"status-publish","4":"format-standard","5":"has-post-thumbnail","7":"category-brasil","8":"category-economia","9":"entry","10":"gs-1","11":"gs-odd","12":"gs-even","13":"gs-featured-content-entry"},"jetpack_featured_media_url":"https:\/\/www.redenoticia.com.br\/noticia\/imagens\/economia-grafica-analise-inflacao.jpg","jetpack_sharing_enabled":true,"jetpack_likes_enabled":true,"_links":{"self":[{"href":"https:\/\/www.redenoticia.com.br\/noticia\/wp-json\/wp\/v2\/posts\/86906","targetHints":{"allow":["GET"]}}],"collection":[{"href":"https:\/\/www.redenoticia.com.br\/noticia\/wp-json\/wp\/v2\/posts"}],"about":[{"href":"https:\/\/www.redenoticia.com.br\/noticia\/wp-json\/wp\/v2\/types\/post"}],"author":[{"embeddable":true,"href":"https:\/\/www.redenoticia.com.br\/noticia\/wp-json\/wp\/v2\/users\/2"}],"replies":[{"embeddable":true,"href":"https:\/\/www.redenoticia.com.br\/noticia\/wp-json\/wp\/v2\/comments?post=86906"}],"version-history":[{"count":0,"href":"https:\/\/www.redenoticia.com.br\/noticia\/wp-json\/wp\/v2\/posts\/86906\/revisions"}],"wp:featuredmedia":[{"embeddable":true,"href":"https:\/\/www.redenoticia.com.br\/noticia\/wp-json\/wp\/v2\/media\/57584"}],"wp:attachment":[{"href":"https:\/\/www.redenoticia.com.br\/noticia\/wp-json\/wp\/v2\/media?parent=86906"}],"wp:term":[{"taxonomy":"category","embeddable":true,"href":"https:\/\/www.redenoticia.com.br\/noticia\/wp-json\/wp\/v2\/categories?post=86906"},{"taxonomy":"post_tag","embeddable":true,"href":"https:\/\/www.redenoticia.com.br\/noticia\/wp-json\/wp\/v2\/tags?post=86906"}],"curies":[{"name":"wp","href":"https:\/\/api.w.org\/{rel}","templated":true}]}}