{"id":86901,"date":"2016-05-25T10:44:15","date_gmt":"2016-05-25T13:44:15","guid":{"rendered":"http:\/\/www.redenoticia.com.br\/noticia\/?p=86901"},"modified":"2016-05-24T16:45:08","modified_gmt":"2016-05-24T19:45:08","slug":"confianca-do-consumidor-sobe-35-pontos-em-maio-mostra-fgv","status":"publish","type":"post","link":"https:\/\/www.redenoticia.com.br\/noticia\/2016\/confianca-do-consumidor-sobe-35-pontos-em-maio-mostra-fgv\/86901","title":{"rendered":"Confian\u00e7a do Consumidor sobe 3,5 pontos em maio, mostra FGV"},"content":{"rendered":"<p> O <strong><em>\u00cdndice de Confian\u00e7a do Consumidor<\/em><\/strong> (ICC) avan\u00e7ou 3,5 pontos de abril para maio, ao passar de 64,4 para 67,9 pontos. De acordo com dados do Instituto Brasileiro de Economia (Ibre) da Funda\u00e7\u00e3o Getulio Vargas (FGV), pela primeira vez desde dezembro de 2013, o consumidor n\u00e3o est\u00e1 pessimista em rela\u00e7\u00e3o \u00e0 evolu\u00e7\u00e3o da economia nos meses seguintes. O resultado de maio do ICC reverte o resultado negativo de 2,7 pontos de abril para mar\u00e7o. Em rela\u00e7\u00e3o a fevereiro, a queda foi de 1,4 ponto.<\/p>\n<p>\u201cEmbora a alta do ICC somente compense a queda dos dois meses anteriores, houve expressiva melhora das expectativas em maio e, pela primeira vez desde dezembro de 2013, o consumidor n\u00e3o est\u00e1 pessimista em rela\u00e7\u00e3o \u00e0 evolu\u00e7\u00e3o da economia nos meses seguintes\u201d, explicou a coordenadora da Sondagem do Consumidor, a economista da FGV Viviane Seda Bittencourt.<\/p>\n<p>Na avalia\u00e7\u00e3o da economista, os n\u00fameros foram influenciados pelo processo de afastamento da presidenta Dilma Rousseff. \u201c[O aumento deve-se] ao desfecho da primeira fase do processo de impeachment, que alterou positivamente o humor de uma parcela dos consumidores, talvez em fun\u00e7\u00e3o da percep\u00e7\u00e3o de redu\u00e7\u00e3o das incertezas.\u201d<\/p>\n<p>O resultado do m\u00eas tem como destaque a melhora das perspectivas em rela\u00e7\u00e3o aos meses seguintes, com o \u00cdndice de Expectativas (IE), que avan\u00e7ou 5,3 pontos de abril para maio \u2013 maior alta desde outubro de 2011, quanto o \u00edndice subiu 6,2 pontos. Com a alta, o IE atingiu 71,1 pontos, o maior desde junho de 2015 (73,1). O \u00cdndice da Situa\u00e7\u00e3o Atual (ISA) teve resultado positivo, apesar de menor: 0,8 ponto, atingindo 65,5 pontos.<\/p>\n<p> Segundo a FGV, entre os quesitos que integram o ICC, a maior contribui\u00e7\u00e3o para a alta no m\u00eas foi dada pelo indicador que mede o otimismo com rela\u00e7\u00e3o \u00e0 economia nos meses seguintes, que subiu 14,4 pontos ao passar de 86 para 100,4 pontos, o melhor resultado desde dezembro de 2013 (100,4). A parcela de consumidores projetando melhora avan\u00e7ou de 20% para 29,9%; enquanto a dos que preveem piora recuou de 35,2% para 24,4%.<\/p>\n<p>Momento presente<\/p>\n<p>Em rela\u00e7\u00e3o ao momento presente, o \u00cdndice de Confian\u00e7a do consumidor mostra alta de 2,7 pontos em maio no indicador que mede o grau de satisfa\u00e7\u00e3o dos consumidores em rela\u00e7\u00e3o \u00e0 situa\u00e7\u00e3o financeira da fam\u00edlia.<\/p>\n<p>Segundo a FGV, o resultado reflete certa acomoda\u00e7\u00e3o ap\u00f3s o indicador ter recuado nos dois meses anteriores e atingido o m\u00ednimo hist\u00f3rico em abril, ao descer a 56,9 pontos.<\/p>\n<p>Classe de renda<\/p>\n<p>Foi verificada ainda alta da confian\u00e7a em todas as classes, com melhora mais expressiva entre os consumidores de maior poder aquisitivo (renda familiar superior a R$ 9,6 mil mensais). Para esses consumidores, o \u00cdndice de Confian\u00e7a do Consumidor chegou a aumentar 9,3 pontos, \u201ccom perspectivas mais otimistas em rela\u00e7\u00e3o \u00e0 economia, \u00e0s finan\u00e7as pessoais e at\u00e9 quanto \u00e0 inten\u00e7\u00e3o de compra de bens dur\u00e1veis\u201d.<\/p>\n<p>Apesar dos dados positivos, no entanto, o resultado geral da pesquisa mostra \u201cque a confian\u00e7a do consumidor continua baixa em termos hist\u00f3ricos e com tend\u00eancia indefinida para os pr\u00f3ximos meses\u201d.<\/p>\n<p>A edi\u00e7\u00e3o de maio do \u00cdndice de Expectativa do Consumidor de 2016 coletou informa\u00e7\u00f5es em 2.049 domic\u00edlios, entre os dias 2 e 19 de maio.<\/p>\n<p>Nielmar de Oliveira \u2013 Rep\u00f3rter da Ag\u00eancia Brasil<br \/>\nEdi\u00e7\u00e3o: Talita Cavalcante<br \/>\n25\/05\/2016<\/p>\n","protected":false},"excerpt":{"rendered":"<p>O \u00cdndice de Confian\u00e7a do Consumidor (ICC) avan\u00e7ou 3,5 pontos de abril para maio, ao passar de 64,4 para 67,9 pontos. De acordo com dados do Instituto Brasileiro de Economia (Ibre) da Funda\u00e7\u00e3o Getulio Vargas (FGV), pela primeira vez desde dezembro de 2013, o consumidor n\u00e3o est\u00e1 pessimista em rela\u00e7\u00e3o \u00e0 evolu\u00e7\u00e3o da economia nos [&hellip;]<\/p>\n","protected":false},"author":2,"featured_media":57585,"comment_status":"open","ping_status":"closed","sticky":false,"template":"","format":"standard","meta":{"_genesis_hide_title":false,"_genesis_hide_breadcrumbs":false,"_genesis_hide_singular_image":false,"_genesis_hide_footer_widgets":false,"_genesis_custom_body_class":"","_genesis_custom_post_class":"","_genesis_layout":"","_jetpack_memberships_contains_paid_content":false,"footnotes":""},"categories":[22,7],"tags":[],"class_list":{"0":"post-86901","1":"post","2":"type-post","3":"status-publish","4":"format-standard","5":"has-post-thumbnail","7":"category-brasil","8":"category-economia","9":"entry","10":"gs-1","11":"gs-odd","12":"gs-even","13":"gs-featured-content-entry"},"jetpack_featured_media_url":"https:\/\/www.redenoticia.com.br\/noticia\/imagens\/analise-economia.jpg","jetpack_sharing_enabled":true,"jetpack_likes_enabled":true,"_links":{"self":[{"href":"https:\/\/www.redenoticia.com.br\/noticia\/wp-json\/wp\/v2\/posts\/86901","targetHints":{"allow":["GET"]}}],"collection":[{"href":"https:\/\/www.redenoticia.com.br\/noticia\/wp-json\/wp\/v2\/posts"}],"about":[{"href":"https:\/\/www.redenoticia.com.br\/noticia\/wp-json\/wp\/v2\/types\/post"}],"author":[{"embeddable":true,"href":"https:\/\/www.redenoticia.com.br\/noticia\/wp-json\/wp\/v2\/users\/2"}],"replies":[{"embeddable":true,"href":"https:\/\/www.redenoticia.com.br\/noticia\/wp-json\/wp\/v2\/comments?post=86901"}],"version-history":[{"count":0,"href":"https:\/\/www.redenoticia.com.br\/noticia\/wp-json\/wp\/v2\/posts\/86901\/revisions"}],"wp:featuredmedia":[{"embeddable":true,"href":"https:\/\/www.redenoticia.com.br\/noticia\/wp-json\/wp\/v2\/media\/57585"}],"wp:attachment":[{"href":"https:\/\/www.redenoticia.com.br\/noticia\/wp-json\/wp\/v2\/media?parent=86901"}],"wp:term":[{"taxonomy":"category","embeddable":true,"href":"https:\/\/www.redenoticia.com.br\/noticia\/wp-json\/wp\/v2\/categories?post=86901"},{"taxonomy":"post_tag","embeddable":true,"href":"https:\/\/www.redenoticia.com.br\/noticia\/wp-json\/wp\/v2\/tags?post=86901"}],"curies":[{"name":"wp","href":"https:\/\/api.w.org\/{rel}","templated":true}]}}