{"id":86899,"date":"2016-05-25T10:43:19","date_gmt":"2016-05-25T13:43:19","guid":{"rendered":"http:\/\/www.redenoticia.com.br\/noticia\/?p=86899"},"modified":"2016-05-24T16:44:11","modified_gmt":"2016-05-24T19:44:11","slug":"farol-baixo-durante-o-dia-passa-a-ser-obrigatorio-em-rodovias-brasileiras","status":"publish","type":"post","link":"https:\/\/www.redenoticia.com.br\/noticia\/2016\/farol-baixo-durante-o-dia-passa-a-ser-obrigatorio-em-rodovias-brasileiras\/86899","title":{"rendered":"Farol baixo durante o dia passa a ser obrigat\u00f3rio em rodovias brasileiras"},"content":{"rendered":"<p> O presidente interino Michel Temer alterou artigos do C\u00f3digo de Tr\u00e2nsito Brasileiro tonando obrigat\u00f3rio o <strong><em>uso de farol baixo em rodovias<\/em><\/strong> durante o dia. A lei com as altera\u00e7\u00f5es foi publicada no Di\u00e1rio Oficial da Uni\u00e3o.<\/p>\n<p>Manter os far\u00f3is acesos em luz baixa durante o dia j\u00e1 era medida obrigat\u00f3ria a \u00f4nibus, ao circularem em faixas pr\u00f3prias, e \u00e0s motos.<\/p>\n<p>O condutor que n\u00e3o mantiver o farol baixo ligado em rodovias cometer\u00e1 infra\u00e7\u00e3o m\u00e9dia, poder\u00e1 ser autuado e receber quatro pontos na habilita\u00e7\u00e3o, al\u00e9m de multa de R$ 85,13.<\/p>\n<p>Andreia Verd\u00e9lio \u2013 Rep\u00f3rter da Ag\u00eancia Brasil<br \/>\nEdi\u00e7\u00e3o: Talita Cavalcante<br \/>\n25\/05\/2016<br \/>\n&#8212;<br \/>\nA Empresa Brasil de Comunica\u00e7\u00e3o \u00e9 uma institui\u00e7\u00e3o da democracia brasileira: p\u00fablica, inclusiva e cidad\u00e3.  Criada em 2007 para fortalecer o sistema p\u00fablico de comunica\u00e7\u00e3o, \u00e9 gestora dos canais TV Brasil, TV Brasil Internacional, Ag\u00eancia Brasil, Radioag\u00eancia Nacional e do sistema p\u00fablico de R\u00e1dio \u2013 composto por oito emissoras. Estes, por sua independ\u00eancia editorial, distinguem-se dos canais estatais ou governamentais, com conte\u00fados diferenciados e complementares aos canais privados. Os ve\u00edculos da EBC t\u00eam autonomia para definir produ\u00e7\u00e3o, programa\u00e7\u00e3o e distribui\u00e7\u00e3o de conte\u00fados.<\/p>\n","protected":false},"excerpt":{"rendered":"<p>O presidente interino Michel Temer alterou artigos do C\u00f3digo de Tr\u00e2nsito Brasileiro tonando obrigat\u00f3rio o uso de farol baixo em rodovias durante o dia. A lei com as altera\u00e7\u00f5es foi publicada no Di\u00e1rio Oficial da Uni\u00e3o. Manter os far\u00f3is acesos em luz baixa durante o dia j\u00e1 era medida obrigat\u00f3ria a \u00f4nibus, ao circularem em [&hellip;]<\/p>\n","protected":false},"author":2,"featured_media":35207,"comment_status":"open","ping_status":"closed","sticky":false,"template":"","format":"standard","meta":{"_genesis_hide_title":false,"_genesis_hide_breadcrumbs":false,"_genesis_hide_singular_image":false,"_genesis_hide_footer_widgets":false,"_genesis_custom_body_class":"","_genesis_custom_post_class":"","_genesis_layout":"","_jetpack_memberships_contains_paid_content":false,"footnotes":""},"categories":[22],"tags":[],"class_list":{"0":"post-86899","1":"post","2":"type-post","3":"status-publish","4":"format-standard","5":"has-post-thumbnail","7":"category-brasil","8":"entry","9":"gs-1","10":"gs-odd","11":"gs-even","12":"gs-featured-content-entry"},"jetpack_featured_media_url":"https:\/\/www.redenoticia.com.br\/noticia\/imagens\/transito-estradas.jpg","jetpack_sharing_enabled":true,"jetpack_likes_enabled":true,"_links":{"self":[{"href":"https:\/\/www.redenoticia.com.br\/noticia\/wp-json\/wp\/v2\/posts\/86899","targetHints":{"allow":["GET"]}}],"collection":[{"href":"https:\/\/www.redenoticia.com.br\/noticia\/wp-json\/wp\/v2\/posts"}],"about":[{"href":"https:\/\/www.redenoticia.com.br\/noticia\/wp-json\/wp\/v2\/types\/post"}],"author":[{"embeddable":true,"href":"https:\/\/www.redenoticia.com.br\/noticia\/wp-json\/wp\/v2\/users\/2"}],"replies":[{"embeddable":true,"href":"https:\/\/www.redenoticia.com.br\/noticia\/wp-json\/wp\/v2\/comments?post=86899"}],"version-history":[{"count":0,"href":"https:\/\/www.redenoticia.com.br\/noticia\/wp-json\/wp\/v2\/posts\/86899\/revisions"}],"wp:featuredmedia":[{"embeddable":true,"href":"https:\/\/www.redenoticia.com.br\/noticia\/wp-json\/wp\/v2\/media\/35207"}],"wp:attachment":[{"href":"https:\/\/www.redenoticia.com.br\/noticia\/wp-json\/wp\/v2\/media?parent=86899"}],"wp:term":[{"taxonomy":"category","embeddable":true,"href":"https:\/\/www.redenoticia.com.br\/noticia\/wp-json\/wp\/v2\/categories?post=86899"},{"taxonomy":"post_tag","embeddable":true,"href":"https:\/\/www.redenoticia.com.br\/noticia\/wp-json\/wp\/v2\/tags?post=86899"}],"curies":[{"name":"wp","href":"https:\/\/api.w.org\/{rel}","templated":true}]}}