{"id":86837,"date":"2016-05-24T10:32:54","date_gmt":"2016-05-24T13:32:54","guid":{"rendered":"http:\/\/www.redenoticia.com.br\/noticia\/?p=86837"},"modified":"2016-05-23T20:33:55","modified_gmt":"2016-05-23T23:33:55","slug":"percentual-de-cheques-devolvidos-em-abril-atinge-recorde-diz-serasa-experian","status":"publish","type":"post","link":"https:\/\/www.redenoticia.com.br\/noticia\/2016\/percentual-de-cheques-devolvidos-em-abril-atinge-recorde-diz-serasa-experian\/86837","title":{"rendered":"Percentual de cheques devolvidos em abril atinge recorde, diz Serasa Experian"},"content":{"rendered":"<p> Em abril, 2,38% dos <strong><em>cheques foram devolvidos<\/em><\/strong> pela segunda vez por insufici\u00eancia de fundos. O n\u00famero representa uma queda em rela\u00e7\u00e3o a mar\u00e7o, quando o percentual foi de 2,66%, mas \u00e9 o maior patamar de devolu\u00e7\u00f5es em um m\u00eas de abril desde 1991, segundo o Indicador Serasa Experian de Cheques Sem Fundos.<\/p>\n<p>Foram 1,1 milh\u00e3o de cheques devolvidos e 47 milh\u00f5es de cheques compensados no m\u00eas. Em abril de 2015, o percentual de devolu\u00e7\u00f5es havia sido de 2,26%, com 1,2 milh\u00e3o de cheques devolvidos e 56,1 milh\u00f5es compensados.<\/p>\n<p>Segundo os economistas da Serasa Experian, o agravamento da situa\u00e7\u00e3o de desemprego no pa\u00eds, que chegou a quase 11% primeiro trimestre deste ano, aliado a um quadro inflacion\u00e1rio que provoca perda de renda real, est\u00e3o impulsionando os n\u00edveis de inadimpl\u00eancia no Brasil a atingirem patamares recordes. \u201cA inadimpl\u00eancia com cheques em abril de 2016 \u00e9 apenas mais um exemplo desta situa\u00e7\u00e3o conjuntural.\u201d<\/p>\n<p>Nos primeiros quatro meses do ano, a lideran\u00e7a de devolu\u00e7\u00f5es de cheques foi da regi\u00e3o Norte, com 4,67% no per\u00edodo. O Sudeste foi a regi\u00e3o que apresentou o menor percentual de devolu\u00e7\u00f5es entre janeiro e abril de 2016: 1,97%. Na Regi\u00e3o Nordeste foram 4,75% de cheques devolvidos, na Regi\u00e3o Sul foram 2,01% e no Centro-Oeste, 3,06%.<\/p>\n<p>Fl\u00e1via Albuquerque &#8211; Rep\u00f3rter da Ag\u00eancia Brasil<br \/>\nEdi\u00e7\u00e3o: Luana Louren\u00e7o<br \/>\n24\/05\/2016 <\/p>\n","protected":false},"excerpt":{"rendered":"<p>Em abril, 2,38% dos cheques foram devolvidos pela segunda vez por insufici\u00eancia de fundos. O n\u00famero representa uma queda em rela\u00e7\u00e3o a mar\u00e7o, quando o percentual foi de 2,66%, mas \u00e9 o maior patamar de devolu\u00e7\u00f5es em um m\u00eas de abril desde 1991, segundo o Indicador Serasa Experian de Cheques Sem Fundos. Foram 1,1 milh\u00e3o [&hellip;]<\/p>\n","protected":false},"author":2,"featured_media":57583,"comment_status":"open","ping_status":"closed","sticky":false,"template":"","format":"standard","meta":{"_genesis_hide_title":false,"_genesis_hide_breadcrumbs":false,"_genesis_hide_singular_image":false,"_genesis_hide_footer_widgets":false,"_genesis_custom_body_class":"","_genesis_custom_post_class":"","_genesis_layout":"","_jetpack_memberships_contains_paid_content":false,"footnotes":""},"categories":[22,7],"tags":[],"class_list":{"0":"post-86837","1":"post","2":"type-post","3":"status-publish","4":"format-standard","5":"has-post-thumbnail","7":"category-brasil","8":"category-economia","9":"entry","10":"gs-1","11":"gs-odd","12":"gs-even","13":"gs-featured-content-entry"},"jetpack_featured_media_url":"https:\/\/www.redenoticia.com.br\/noticia\/imagens\/economia-grafico.jpg","jetpack_sharing_enabled":true,"jetpack_likes_enabled":true,"_links":{"self":[{"href":"https:\/\/www.redenoticia.com.br\/noticia\/wp-json\/wp\/v2\/posts\/86837","targetHints":{"allow":["GET"]}}],"collection":[{"href":"https:\/\/www.redenoticia.com.br\/noticia\/wp-json\/wp\/v2\/posts"}],"about":[{"href":"https:\/\/www.redenoticia.com.br\/noticia\/wp-json\/wp\/v2\/types\/post"}],"author":[{"embeddable":true,"href":"https:\/\/www.redenoticia.com.br\/noticia\/wp-json\/wp\/v2\/users\/2"}],"replies":[{"embeddable":true,"href":"https:\/\/www.redenoticia.com.br\/noticia\/wp-json\/wp\/v2\/comments?post=86837"}],"version-history":[{"count":0,"href":"https:\/\/www.redenoticia.com.br\/noticia\/wp-json\/wp\/v2\/posts\/86837\/revisions"}],"wp:featuredmedia":[{"embeddable":true,"href":"https:\/\/www.redenoticia.com.br\/noticia\/wp-json\/wp\/v2\/media\/57583"}],"wp:attachment":[{"href":"https:\/\/www.redenoticia.com.br\/noticia\/wp-json\/wp\/v2\/media?parent=86837"}],"wp:term":[{"taxonomy":"category","embeddable":true,"href":"https:\/\/www.redenoticia.com.br\/noticia\/wp-json\/wp\/v2\/categories?post=86837"},{"taxonomy":"post_tag","embeddable":true,"href":"https:\/\/www.redenoticia.com.br\/noticia\/wp-json\/wp\/v2\/tags?post=86837"}],"curies":[{"name":"wp","href":"https:\/\/api.w.org\/{rel}","templated":true}]}}