{"id":86835,"date":"2016-05-24T10:31:18","date_gmt":"2016-05-24T13:31:18","guid":{"rendered":"http:\/\/www.redenoticia.com.br\/noticia\/?p=86835"},"modified":"2016-05-23T20:32:49","modified_gmt":"2016-05-23T23:32:49","slug":"viagens-aereas-dentro-do-pais-tem-queda-de-122-em-abril","status":"publish","type":"post","link":"https:\/\/www.redenoticia.com.br\/noticia\/2016\/viagens-aereas-dentro-do-pais-tem-queda-de-122-em-abril\/86835","title":{"rendered":"Viagens a\u00e9reas dentro do pa\u00eds t\u00eam queda de 12,2% em abril"},"content":{"rendered":"<p> A demanda por <strong><em>viagens dom\u00e9sticas no setor de avia\u00e7\u00e3o<\/em><\/strong> recuou 12,2% em abril, na compara\u00e7\u00e3o com o mesmo m\u00eas do ano passado. J\u00e1 a oferta teve queda de 10,3% no mesmo per\u00edodo. Os dados foram divulgados pela Associa\u00e7\u00e3o Brasileira das Empresas A\u00e9reas (Abear). Segundo a associa\u00e7\u00e3o, este foi o pior desempenho mensal da demanda dom\u00e9stica desde fevereiro de 2013 e o pior desempenho para um m\u00eas de abril desde 2012.<\/p>\n<p>As viagens dom\u00e9sticas no m\u00eas de abril totalizaram 6,8 milh\u00f5es, o que significou queda de 12% em compara\u00e7\u00e3o a 2015. Esse foi o pior resultado mensal desde fevereiro de 2013.<\/p>\n<p>No acumulado do ano, entre janeiro e abril, a demanda apresentou queda de 6,5%, enquanto a oferta recuou 5,3% na compara\u00e7\u00e3o com o mesmo per\u00edodo de 2015. Neste per\u00edodo, 29,7 milh\u00f5es de passageiros foram transportados em voos dentro do pa\u00eds, o que significou queda de 7,3% em compara\u00e7\u00e3o ao ano passado.<\/p>\n<p>J\u00e1 no transporte a\u00e9reo internacional, considerando-se apenas o transporte feito por companhias brasileiras, a queda na demanda foi de 3,6% em abril em rela\u00e7\u00e3o a 2015. J\u00e1 a oferta caiu 6,8% na mesma compara\u00e7\u00e3o, com o transporte de 546 mil passageiros entre o Brasil e o exterior, queda de 1,7% em rela\u00e7\u00e3o ao ano passado. Segundo a Abear, essa foi a menor quantidade de passageiros internacionais transportados desde novembro de 2013.<\/p>\n<p>Carga<\/p>\n<p>O transporte de carga, que inclui opera\u00e7\u00f5es feitas pelas companhias Avianca, Azul, Gol, Latam e Latam Cargo, somou 26,4 mil toneladas de carga, n\u00famero 6,3% menor que abril do ano passado. Nas opera\u00e7\u00f5es internacionais, no entanto, o volume de carga transportada cresceu e somou 16 mil toneladas transportadas, com aumento de 14,3% em abril na compara\u00e7\u00e3o com 2015.<\/p>\n<p>Elaine Patricia Cruz \u2013 Rep\u00f3rter da Ag\u00eancia Brasil<br \/>\nEdi\u00e7\u00e3o: Maria Claudia<br \/>\n24\/05\/2016<\/p>\n","protected":false},"excerpt":{"rendered":"<p>A demanda por viagens dom\u00e9sticas no setor de avia\u00e7\u00e3o recuou 12,2% em abril, na compara\u00e7\u00e3o com o mesmo m\u00eas do ano passado. J\u00e1 a oferta teve queda de 10,3% no mesmo per\u00edodo. Os dados foram divulgados pela Associa\u00e7\u00e3o Brasileira das Empresas A\u00e9reas (Abear). Segundo a associa\u00e7\u00e3o, este foi o pior desempenho mensal da demanda dom\u00e9stica [&hellip;]<\/p>\n","protected":false},"author":2,"featured_media":57585,"comment_status":"open","ping_status":"closed","sticky":false,"template":"","format":"standard","meta":{"_genesis_hide_title":false,"_genesis_hide_breadcrumbs":false,"_genesis_hide_singular_image":false,"_genesis_hide_footer_widgets":false,"_genesis_custom_body_class":"","_genesis_custom_post_class":"","_genesis_layout":"","_jetpack_memberships_contains_paid_content":false,"footnotes":""},"categories":[22,7],"tags":[],"class_list":{"0":"post-86835","1":"post","2":"type-post","3":"status-publish","4":"format-standard","5":"has-post-thumbnail","7":"category-brasil","8":"category-economia","9":"entry","10":"gs-1","11":"gs-odd","12":"gs-even","13":"gs-featured-content-entry"},"jetpack_featured_media_url":"https:\/\/www.redenoticia.com.br\/noticia\/imagens\/analise-economia.jpg","jetpack_sharing_enabled":true,"jetpack_likes_enabled":true,"_links":{"self":[{"href":"https:\/\/www.redenoticia.com.br\/noticia\/wp-json\/wp\/v2\/posts\/86835","targetHints":{"allow":["GET"]}}],"collection":[{"href":"https:\/\/www.redenoticia.com.br\/noticia\/wp-json\/wp\/v2\/posts"}],"about":[{"href":"https:\/\/www.redenoticia.com.br\/noticia\/wp-json\/wp\/v2\/types\/post"}],"author":[{"embeddable":true,"href":"https:\/\/www.redenoticia.com.br\/noticia\/wp-json\/wp\/v2\/users\/2"}],"replies":[{"embeddable":true,"href":"https:\/\/www.redenoticia.com.br\/noticia\/wp-json\/wp\/v2\/comments?post=86835"}],"version-history":[{"count":0,"href":"https:\/\/www.redenoticia.com.br\/noticia\/wp-json\/wp\/v2\/posts\/86835\/revisions"}],"wp:featuredmedia":[{"embeddable":true,"href":"https:\/\/www.redenoticia.com.br\/noticia\/wp-json\/wp\/v2\/media\/57585"}],"wp:attachment":[{"href":"https:\/\/www.redenoticia.com.br\/noticia\/wp-json\/wp\/v2\/media?parent=86835"}],"wp:term":[{"taxonomy":"category","embeddable":true,"href":"https:\/\/www.redenoticia.com.br\/noticia\/wp-json\/wp\/v2\/categories?post=86835"},{"taxonomy":"post_tag","embeddable":true,"href":"https:\/\/www.redenoticia.com.br\/noticia\/wp-json\/wp\/v2\/tags?post=86835"}],"curies":[{"name":"wp","href":"https:\/\/api.w.org\/{rel}","templated":true}]}}