{"id":86831,"date":"2016-05-24T10:29:17","date_gmt":"2016-05-24T13:29:17","guid":{"rendered":"http:\/\/www.redenoticia.com.br\/noticia\/?p=86831"},"modified":"2016-05-23T20:30:12","modified_gmt":"2016-05-23T23:30:12","slug":"enem-registra-aumento-de-94-em-numero-de-inscritos-em-relacao-a-2015","status":"publish","type":"post","link":"https:\/\/www.redenoticia.com.br\/noticia\/2016\/enem-registra-aumento-de-94-em-numero-de-inscritos-em-relacao-a-2015\/86831","title":{"rendered":"Enem registra aumento de 9,4% em n\u00famero de inscritos em rela\u00e7\u00e3o a 2015"},"content":{"rendered":"<p> O Exame Nacional do Ensino M\u00e9dio (<strong><em>Enem<\/em><\/strong>) registrou 9.276.328 inscritos. O n\u00famero representa um aumento de 9,4% em rela\u00e7\u00e3o a 2015, quando certa de 8,5 milh\u00f5es de candidatos se inscreveram. Trata-se tamb\u00e9m do segundo maior n\u00famero de inscritos no exame, ficando atr\u00e1s apenas de 2014, quando o Enem registrou 9,5 milh\u00f5es de inscritos. As provas ser\u00e3o aplicadas nos dias 5 e 6 de novembro.<\/p>\n<p>O n\u00famero ainda poder\u00e1 ter altera\u00e7\u00f5es, uma vez que as inscri\u00e7\u00f5es s\u00f3 s\u00e3o confirmadas ap\u00f3s o pagamento da taxa de R$ 68. O prazo para que isso seja feito \u00e9 at\u00e9 as 21h59, no hor\u00e1rio de Bras\u00edlia, do dia 25. S\u00e3o isentos da taxa os estudantes concluintes do ensino m\u00e9dio em escolas p\u00fablicas e os candidatos de baixa renda.<\/p>\n<p>Neste ano, o n\u00famero de pagantes caiu em rela\u00e7\u00e3o ao ano passado. Em 2015, 40,2% dos inscritos eram pagantes. Em 2016, s\u00e3o 28,9%, a menor porcentagem desde 2013.<\/p>\n<p>A maior parte dos inscritos \u00e9 mulher (57,37%) e negra (50%), considerando a soma de pretos e pardos. A Regi\u00e3o Sudeste lidera as inscri\u00e7\u00f5es, com 35,86%, seguido pelas regi\u00f5es Nordeste (32,12%), Sul (11,93%), Norte (11,16%) e Centro-Oeste (8,94%).<\/p>\n<p>No total, foram resgistrados 72 mil pedidos de atendimento especializado e 107,4 mil atendimentos espec\u00edficos. O atendimento especializado \u00e9 oferecido a pessoas com baixa vis\u00e3o, cegueira, vis\u00e3o monocular, defici\u00eancia f\u00edsica, defici\u00eancia auditiva, surdez, defici\u00eancia intelectual (mental), surdocegueira, dislexia, d\u00e9ficit de aten\u00e7\u00e3o, autismo, discalculia ou com outra condi\u00e7\u00e3o especial. O atendimento espec\u00edfico \u00e9 feito a gestantes, lactantes, idosos, estudantes em classe hospitalar e sabatistas.<\/p>\n<p>O participante que solicitou um desses atendimentos poder\u00e1 ter que apresentar documento comprobat\u00f3rio de que precisa desse atendimento. Aqueles que participaram do exame no ano passado e apresentaram o diagn\u00f3stico assinado por m\u00e9dico ou profissional especializado, n\u00e3o precisam apresentar a comprova\u00e7\u00e3o este ano.<\/p>\n<p>Os participantes transexuais e travestis que solicitaram o uso do nome social dever\u00e3o enviar formul\u00e1rio espec\u00edfico pelo sistema, na internet, junto com foto e documento de identifica\u00e7\u00e3o, no per\u00edodo de 1\u00ba a 8 de junho.<\/p>\n<p>Estudos<\/p>\n<p>A plataforma  disponibiliza gratuitamente um plano de estudos individual para quem quer se preparar para o exame. O estudante faz um cadastro no qual preenche o curso que pretende cursar. O <em>site <\/em>tamb\u00e9m permite ao candidato participar de simulados nacionais, al\u00e9m de ter acesso ao , portal com mais de 1,2 mil videoaulas.<\/p>\n<p>Aplicativo<\/p>\n<p>A partir do dia 1\u00ba de junho, os candidatos poder\u00e3o baixar em smartphones o aplicativo do Enem 2016 para acompanhar as inscri\u00e7\u00f5es e conferir informa\u00e7\u00f5es como o cronograma do exame, tira-d\u00favidas e dicas.<\/p>\n<p>A nota do Enem \u00e9 usada na sele\u00e7\u00e3o para vagas em institui\u00e7\u00f5es p\u00fablicas, por meio do Sistema de Sele\u00e7\u00e3o Unificada (Sisu), bolsas na educa\u00e7\u00e3o superior privada por meio do Programa Universidade para Todos (ProUni) e vagas gratuitas nos cursos t\u00e9cnicos oferecidos pelo Sistema de Sele\u00e7\u00e3o Unificada da Educa\u00e7\u00e3o Profissional e Tecnol\u00f3gica (Sisutec).<\/p>\n<p>O resultado do exame tamb\u00e9m \u00e9 requisito para receber o benef\u00edcio do Fundo de Financiamento Estudantil (Fies) e participar do Programa Ci\u00eancia sem Fronteiras. Para pessoas maiores de 18 anos, o Enem pode ser usado como certifica\u00e7\u00e3o do ensino m\u00e9dio.<\/p>\n<p>Mariana Tokarnia &#8211; Rep\u00f3rter da Ag\u00eancia Brasil<br \/>\nEdi\u00e7\u00e3o: F\u00e1bio Massalli<br \/>\n24\/05\/2016<\/p>\n","protected":false},"excerpt":{"rendered":"<p>O Exame Nacional do Ensino M\u00e9dio (Enem) registrou 9.276.328 inscritos. O n\u00famero representa um aumento de 9,4% em rela\u00e7\u00e3o a 2015, quando certa de 8,5 milh\u00f5es de candidatos se inscreveram. Trata-se tamb\u00e9m do segundo maior n\u00famero de inscritos no exame, ficando atr\u00e1s apenas de 2014, quando o Enem registrou 9,5 milh\u00f5es de inscritos. As provas [&hellip;]<\/p>\n","protected":false},"author":2,"featured_media":36938,"comment_status":"open","ping_status":"closed","sticky":false,"template":"","format":"standard","meta":{"_genesis_hide_title":false,"_genesis_hide_breadcrumbs":false,"_genesis_hide_singular_image":false,"_genesis_hide_footer_widgets":false,"_genesis_custom_body_class":"","_genesis_custom_post_class":"","_genesis_layout":"","_jetpack_memberships_contains_paid_content":false,"footnotes":""},"categories":[22],"tags":[],"class_list":{"0":"post-86831","1":"post","2":"type-post","3":"status-publish","4":"format-standard","5":"has-post-thumbnail","7":"category-brasil","8":"entry","9":"gs-1","10":"gs-odd","11":"gs-even","12":"gs-featured-content-entry"},"jetpack_featured_media_url":"https:\/\/www.redenoticia.com.br\/noticia\/imagens\/enem-gabarito-resultado.jpg","jetpack_sharing_enabled":true,"jetpack_likes_enabled":true,"_links":{"self":[{"href":"https:\/\/www.redenoticia.com.br\/noticia\/wp-json\/wp\/v2\/posts\/86831","targetHints":{"allow":["GET"]}}],"collection":[{"href":"https:\/\/www.redenoticia.com.br\/noticia\/wp-json\/wp\/v2\/posts"}],"about":[{"href":"https:\/\/www.redenoticia.com.br\/noticia\/wp-json\/wp\/v2\/types\/post"}],"author":[{"embeddable":true,"href":"https:\/\/www.redenoticia.com.br\/noticia\/wp-json\/wp\/v2\/users\/2"}],"replies":[{"embeddable":true,"href":"https:\/\/www.redenoticia.com.br\/noticia\/wp-json\/wp\/v2\/comments?post=86831"}],"version-history":[{"count":0,"href":"https:\/\/www.redenoticia.com.br\/noticia\/wp-json\/wp\/v2\/posts\/86831\/revisions"}],"wp:featuredmedia":[{"embeddable":true,"href":"https:\/\/www.redenoticia.com.br\/noticia\/wp-json\/wp\/v2\/media\/36938"}],"wp:attachment":[{"href":"https:\/\/www.redenoticia.com.br\/noticia\/wp-json\/wp\/v2\/media?parent=86831"}],"wp:term":[{"taxonomy":"category","embeddable":true,"href":"https:\/\/www.redenoticia.com.br\/noticia\/wp-json\/wp\/v2\/categories?post=86831"},{"taxonomy":"post_tag","embeddable":true,"href":"https:\/\/www.redenoticia.com.br\/noticia\/wp-json\/wp\/v2\/tags?post=86831"}],"curies":[{"name":"wp","href":"https:\/\/api.w.org\/{rel}","templated":true}]}}