{"id":86827,"date":"2016-05-24T10:26:57","date_gmt":"2016-05-24T13:26:57","guid":{"rendered":"http:\/\/www.redenoticia.com.br\/noticia\/?p=86827"},"modified":"2016-05-23T20:28:08","modified_gmt":"2016-05-23T23:28:08","slug":"sp-inaugura-centro-de-treinamento-paraolimpico-brasileiro","status":"publish","type":"post","link":"https:\/\/www.redenoticia.com.br\/noticia\/2016\/sp-inaugura-centro-de-treinamento-paraolimpico-brasileiro\/86827","title":{"rendered":"SP inaugura Centro de Treinamento Paraol\u00edmpico Brasileiro"},"content":{"rendered":"<p> Faltando pouco mais de 100 dias para abertura dos <strong><em>Jogos Paraol\u00edmpicos<\/em><\/strong> Rio 2016, o Centro de Treinamento Paraol\u00edmpico Brasileiro, em S\u00e3o Paulo, foi inaugurado pelo governador Geraldo Alckmin. Acompanharam a cerim\u00f4nia o ministro do Esporte, Leonardo Picciani e a secret\u00e1ria de Estado dos Direitos da Pessoa com Defici\u00eancia, Linamara Rizzo Battistella.<\/p>\n<p> O complexo \u00e9 refer\u00eancia internacional em treinamento e avalia\u00e7\u00e3o de atletas paradesportivos. Localizado em uma \u00e1rea de 140 mil m\u00b2 no Parque Fontes do Ipiranga, na capital paulista, o CT \u00e9 fruto de parceria entre o Governo do Estado de S\u00e3o Paulo, por meio da Secretaria de Estado dos Direitos da Pessoa com Defici\u00eancia, e o Governo Federal, por meio do Minist\u00e9rio do Esporte.<\/p>\n<p> Com 95 mil m\u00b2 de \u00e1rea constru\u00edda, o centro tem o objetivo de fomentar o paradesporto brasileiro, criando condi\u00e7\u00f5es para que seus atletas se destaquem nas competi\u00e7\u00f5es municipais, estaduais, nacionais e internacionais, sempre dando \u00eanfase \u00e0s t\u00e9cnicas avan\u00e7adas e novas tecnologias. O empreendimento segue o conceito de pa\u00edses pot\u00eancia no esporte adaptado, como Ucr\u00e2nia, China e Coreia do Sul e \u00e9 um dos quatro centros de treinamento existentes no mundo, sendo o que possui o maior n\u00famero de modalidades (15).<\/p>\n<p>&#8220;Aqui n\u00f3s teremos 15 das 22 modalidades de esportes paral\u00edmpicos. Aqui ser\u00e1 o centro de treinamento, capacita\u00e7\u00e3o, ci\u00eancia do esporte, com hotel, restaurante, centro aqu\u00e1tico e quadras. E tamb\u00e9m a aclimata\u00e7\u00e3o da sele\u00e7\u00e3o brasileira para a paralimp\u00edada. Ser\u00e1 ainda um centro diuturno para forma\u00e7\u00e3o e treinamento de atleta. Em novembro j\u00e1 temos, por exemplo, as Olimp\u00edada Escolares&#8221;, explicou Alckmin.<\/p>\n<p>As modalidades contempladas ser\u00e3o: atletismo, basquete em cadeira de rodas, bocha, nata\u00e7\u00e3o, esgrima em cadeira de rodas, futebol de 5, futebol de 7, golbol, halterofilismo, jud\u00f4, r\u00fagbi, t\u00eanis, t\u00eanis em cadeira de rodas, triatlo e voleibol sentado.<\/p>\n<p>O complexo est\u00e1 voltado para treinamentos, competi\u00e7\u00f5es e interc\u00e2mbios de atletas e equipes dedicadas ao desenvolvimento de paradesporto; prepara\u00e7\u00e3o f\u00edsica e treinamento de novas gera\u00e7\u00f5es de atletas de esportes adaptados e forma\u00e7\u00e3o de t\u00e9cnicos, classificadores, \u00e1rbitros, gestores e outros profissionais relacionados ao esporte. Al\u00e9m disso, deve abrigar um centro de pesquisa em diversas \u00e1reas cient\u00edficas e tecnol\u00f3gicas associadas ao esporte para pessoas com defici\u00eancia.<\/p>\n<p>Al\u00e9m disso, o local est\u00e1 dividido em 11 setores que englobam \u00e1reas esportivas de treinamento, hotel, centro de conven\u00e7\u00f5es, laborat\u00f3rios, condicionamento f\u00edsico e fisioterapia.<\/p>\n<p>Dados t\u00e9cnicos<br \/>\nIn\u00edcio das obras: dezembro de 2013<\/p>\n<p>Total do investimento: R$ 281 milh\u00f5es (obras) + R$ 24 milh\u00f5es (equipamentos)<\/p>\n<p>Governo Federal: R$ 167 milh\u00f5es (obras) + R$ 20 milh\u00f5es (equipamentos e materiais esportivos)<\/p>\n<p>Governo Estadual: R$ 114 milh\u00f5es (obras) + R$ 4 milh\u00f5es (equipamentos)<\/p>\n<p>Al\u00e9m do investimento em obras e equipamentos, o Estado de S\u00e3o Paulo cedeu o terreno para a implanta\u00e7\u00e3o do Centro, estimado em R$ 390 milh\u00f5es.<\/p>\n<p>Compensa\u00e7\u00e3o das obras do Centro de Treinamento Paraol\u00edmpico Brasileiro<br \/>\nAs obras do complexo foram compensadas no Programa Nascentes, coordenado pela Secretaria do Meio Ambiente. A OAS, empresa respons\u00e1vel pela constru\u00e7\u00e3o, contratou a ONG Iniciativa Verde, que plantou 3,3 hectares, o que equivale a 5.501 mudas, em \u00e1reas do Parque Estadual do Rio Turvo.<\/p>\n<p>O Programa Nascentes \u00e9 a maior iniciativa j\u00e1 lan\u00e7ada pelo Governo do Estado de S\u00e3o Paulo para manter e recuperar as matas ciliares \u2013 vegeta\u00e7\u00e3o localizada no entorno de nascentes e nas margens de rios, c\u00f3rregos, lagos e represas que protegem as margens dos corpos d\u2019\u00e1gua, evitando o assoreamento e favorecendo a regulariza\u00e7\u00e3o da vaz\u00e3o dos rios e c\u00f3rregos, al\u00e9m de oferecer abrigo e alimenta\u00e7\u00e3o para a fauna local.<\/p>\n<p>J\u00e1 foram plantados, dentro do Programa, mais de 640 hectares, equivalentes a mais de um milh\u00e3o de mudas (considerando o espa\u00e7o padr\u00e3o 2m x 3m, ou seja 1667 mudas por ha) e a 899 campos de futebol.<\/p>\n<p>Do Portal do Governo do Estado SP<\/p>\n","protected":false},"excerpt":{"rendered":"<p>Faltando pouco mais de 100 dias para abertura dos Jogos Paraol\u00edmpicos Rio 2016, o Centro de Treinamento Paraol\u00edmpico Brasileiro, em S\u00e3o Paulo, foi inaugurado pelo governador Geraldo Alckmin. Acompanharam a cerim\u00f4nia o ministro do Esporte, Leonardo Picciani e a secret\u00e1ria de Estado dos Direitos da Pessoa com Defici\u00eancia, Linamara Rizzo Battistella. O complexo \u00e9 refer\u00eancia [&hellip;]<\/p>\n","protected":false},"author":2,"featured_media":39880,"comment_status":"open","ping_status":"closed","sticky":false,"template":"","format":"standard","meta":{"_genesis_hide_title":false,"_genesis_hide_breadcrumbs":false,"_genesis_hide_singular_image":false,"_genesis_hide_footer_widgets":false,"_genesis_custom_body_class":"","_genesis_custom_post_class":"","_genesis_layout":"","_jetpack_memberships_contains_paid_content":false,"footnotes":""},"categories":[22],"tags":[],"class_list":{"0":"post-86827","1":"post","2":"type-post","3":"status-publish","4":"format-standard","5":"has-post-thumbnail","7":"category-brasil","8":"entry","9":"gs-1","10":"gs-odd","11":"gs-even","12":"gs-featured-content-entry"},"jetpack_featured_media_url":"https:\/\/www.redenoticia.com.br\/noticia\/imagens\/olimpiadas.jpg","jetpack_sharing_enabled":true,"jetpack_likes_enabled":true,"_links":{"self":[{"href":"https:\/\/www.redenoticia.com.br\/noticia\/wp-json\/wp\/v2\/posts\/86827","targetHints":{"allow":["GET"]}}],"collection":[{"href":"https:\/\/www.redenoticia.com.br\/noticia\/wp-json\/wp\/v2\/posts"}],"about":[{"href":"https:\/\/www.redenoticia.com.br\/noticia\/wp-json\/wp\/v2\/types\/post"}],"author":[{"embeddable":true,"href":"https:\/\/www.redenoticia.com.br\/noticia\/wp-json\/wp\/v2\/users\/2"}],"replies":[{"embeddable":true,"href":"https:\/\/www.redenoticia.com.br\/noticia\/wp-json\/wp\/v2\/comments?post=86827"}],"version-history":[{"count":0,"href":"https:\/\/www.redenoticia.com.br\/noticia\/wp-json\/wp\/v2\/posts\/86827\/revisions"}],"wp:featuredmedia":[{"embeddable":true,"href":"https:\/\/www.redenoticia.com.br\/noticia\/wp-json\/wp\/v2\/media\/39880"}],"wp:attachment":[{"href":"https:\/\/www.redenoticia.com.br\/noticia\/wp-json\/wp\/v2\/media?parent=86827"}],"wp:term":[{"taxonomy":"category","embeddable":true,"href":"https:\/\/www.redenoticia.com.br\/noticia\/wp-json\/wp\/v2\/categories?post=86827"},{"taxonomy":"post_tag","embeddable":true,"href":"https:\/\/www.redenoticia.com.br\/noticia\/wp-json\/wp\/v2\/tags?post=86827"}],"curies":[{"name":"wp","href":"https:\/\/api.w.org\/{rel}","templated":true}]}}