{"id":86627,"date":"2016-05-20T10:19:34","date_gmt":"2016-05-20T13:19:34","guid":{"rendered":"http:\/\/www.redenoticia.com.br\/noticia\/?p=86627"},"modified":"2016-05-19T21:20:32","modified_gmt":"2016-05-20T00:20:32","slug":"arrecadacao-de-impostos-tem-queda-de-71-em-abril","status":"publish","type":"post","link":"https:\/\/www.redenoticia.com.br\/noticia\/2016\/arrecadacao-de-impostos-tem-queda-de-71-em-abril\/86627","title":{"rendered":"Arrecada\u00e7\u00e3o de impostos tem queda de 7,1% em abril"},"content":{"rendered":"<p> Com R$ 110,895 bilh\u00f5es, a <strong><em>arrecada\u00e7\u00e3o de impostos<\/em><\/strong> e contribui\u00e7\u00f5es federais registrou em abril o menor valor para abril em seis anos. O total representa uma queda de 7,1% em rela\u00e7\u00e3o a igual m\u00eas de 2015, descontada a infla\u00e7\u00e3o oficial. A quantia \u00e9 a menor para o m\u00eas desde 2010, em valores corrigidos pelo \u00cdndice Nacional de Pre\u00e7os ao Consumidor Amplo (IPCA). Os n\u00fameros foram divulgados pela Receita Federal.<\/p>\n<p>No primeiro quadrimestre, a arrecada\u00e7\u00e3o federal somou R$ 423,909 bilh\u00f5es, queda de 7,91% na compara\u00e7\u00e3o com o mesmo per\u00edodo de 2015, considerando o IPCA. O valor acumulado tamb\u00e9m \u00e9 o menor para os quatro primeiros meses do ano desde 2010.<\/p>\n<p>Raz\u00f5es<\/p>\n<p>A queda da atividade econ\u00f4mica continua sendo o principal respons\u00e1vel pela queda na arrecada\u00e7\u00e3o este ano. Entre os fatores, a Receita destaca o recuo de 11,68% na produ\u00e7\u00e3o industrial nos quatro primeiros meses do ano, a redu\u00e7\u00e3o de 9,87% na venda de bens e servi\u00e7os e a contra\u00e7\u00e3o de 33,53% no valor em d\u00f3lar das importa\u00e7\u00f5es. A massa salarial subiu 5,68% no primeiro quadrimestre.<\/p>\n<p>Os tributos que puxaram a queda na arrecada\u00e7\u00e3o entre janeiro e abril foram o Imposto de Renda Pessoa Jur\u00eddica e a Contribui\u00e7\u00e3o Social sobre o Lucro L\u00edquido, cuja receita caiu R$ 6,149 bilh\u00f5es, descontando o IPCA, por causa do menor lucro das empresas e tamb\u00e9m a receita da Previd\u00eancia Social, com queda real (considerando a infla\u00e7\u00e3o) de R$ 7,188 bilh\u00f5es, motivada pelo aumento do desemprego.<\/p>\n<p>O Programa de Integra\u00e7\u00e3o Social e a Contribui\u00e7\u00e3o para o Financiamento da Seguridade Social (PIS\/Cofins) ca\u00edram R$ 6,146 bilh\u00f5es.<\/p>\n<p>Desempenho prejudicado<\/p>\n<p>Segundo Claudemir Malaquias, chefe do Centro de Estudos Tribut\u00e1rios e Aduaneiros da Receita Federal, al\u00e9m do resultado refletir o fraco resultado da economia, houve deteriora\u00e7\u00e3o das principais bases de tributa\u00e7\u00e3o, como a renda, o consumo e os sal\u00e1rios. Em resumo, o fraco desempenho da atividade econ\u00f4mica, disse, est\u00e1 afetando diretamente o desempenho da arrecada\u00e7\u00e3o das receitas federais.<\/p>\n<p>Malachias afirmou, tamb\u00e9m, que a trajet\u00f3ria negativa da arrecada\u00e7\u00e3o &#8220;parou de crescer&#8221;. \u201cA expectativa \u00e9 que novos sinais possam ser captados a partir deste momento, e sinais positivos. J\u00e1 h\u00e1 sinais apontados na confian\u00e7a dos investidores e dos consumidores. Esses sinais positivos, se perdurarem at\u00e9 o final do ano, vamos ter a\u00ed uma diminui\u00e7\u00e3o na queda da arrecada\u00e7\u00e3o. Se vai ser suficiente para reverter o resultado ainda este ano \u00e9 imposs\u00edvel avaliar neste momento&#8221;, disse.<\/p>\n<p>Daniel Lima &#8211; Rep\u00f3rter da Ag\u00eancia Brasil<br \/>\nEdi\u00e7\u00e3o: Kleber Sampaio<br \/>\n20\/05\/2016<\/p>\n","protected":false},"excerpt":{"rendered":"<p>Com R$ 110,895 bilh\u00f5es, a arrecada\u00e7\u00e3o de impostos e contribui\u00e7\u00f5es federais registrou em abril o menor valor para abril em seis anos. O total representa uma queda de 7,1% em rela\u00e7\u00e3o a igual m\u00eas de 2015, descontada a infla\u00e7\u00e3o oficial. A quantia \u00e9 a menor para o m\u00eas desde 2010, em valores corrigidos pelo \u00cdndice [&hellip;]<\/p>\n","protected":false},"author":2,"featured_media":38938,"comment_status":"open","ping_status":"closed","sticky":false,"template":"","format":"standard","meta":{"_genesis_hide_title":false,"_genesis_hide_breadcrumbs":false,"_genesis_hide_singular_image":false,"_genesis_hide_footer_widgets":false,"_genesis_custom_body_class":"","_genesis_custom_post_class":"","_genesis_layout":"","_jetpack_memberships_contains_paid_content":false,"footnotes":""},"categories":[22,7],"tags":[],"class_list":{"0":"post-86627","1":"post","2":"type-post","3":"status-publish","4":"format-standard","5":"has-post-thumbnail","7":"category-brasil","8":"category-economia","9":"entry","10":"gs-1","11":"gs-odd","12":"gs-even","13":"gs-featured-content-entry"},"jetpack_featured_media_url":"https:\/\/www.redenoticia.com.br\/noticia\/imagens\/economia1.jpg","jetpack_sharing_enabled":true,"jetpack_likes_enabled":true,"_links":{"self":[{"href":"https:\/\/www.redenoticia.com.br\/noticia\/wp-json\/wp\/v2\/posts\/86627","targetHints":{"allow":["GET"]}}],"collection":[{"href":"https:\/\/www.redenoticia.com.br\/noticia\/wp-json\/wp\/v2\/posts"}],"about":[{"href":"https:\/\/www.redenoticia.com.br\/noticia\/wp-json\/wp\/v2\/types\/post"}],"author":[{"embeddable":true,"href":"https:\/\/www.redenoticia.com.br\/noticia\/wp-json\/wp\/v2\/users\/2"}],"replies":[{"embeddable":true,"href":"https:\/\/www.redenoticia.com.br\/noticia\/wp-json\/wp\/v2\/comments?post=86627"}],"version-history":[{"count":0,"href":"https:\/\/www.redenoticia.com.br\/noticia\/wp-json\/wp\/v2\/posts\/86627\/revisions"}],"wp:featuredmedia":[{"embeddable":true,"href":"https:\/\/www.redenoticia.com.br\/noticia\/wp-json\/wp\/v2\/media\/38938"}],"wp:attachment":[{"href":"https:\/\/www.redenoticia.com.br\/noticia\/wp-json\/wp\/v2\/media?parent=86627"}],"wp:term":[{"taxonomy":"category","embeddable":true,"href":"https:\/\/www.redenoticia.com.br\/noticia\/wp-json\/wp\/v2\/categories?post=86627"},{"taxonomy":"post_tag","embeddable":true,"href":"https:\/\/www.redenoticia.com.br\/noticia\/wp-json\/wp\/v2\/tags?post=86627"}],"curies":[{"name":"wp","href":"https:\/\/api.w.org\/{rel}","templated":true}]}}