{"id":86625,"date":"2016-05-20T10:18:33","date_gmt":"2016-05-20T13:18:33","guid":{"rendered":"http:\/\/www.redenoticia.com.br\/noticia\/?p=86625"},"modified":"2016-05-19T21:19:30","modified_gmt":"2016-05-20T00:19:30","slug":"intencao-de-consumo-das-familias-atinge-menor-patamar-desde-2010","status":"publish","type":"post","link":"https:\/\/www.redenoticia.com.br\/noticia\/2016\/intencao-de-consumo-das-familias-atinge-menor-patamar-desde-2010\/86625","title":{"rendered":"Inten\u00e7\u00e3o de Consumo das Fam\u00edlias atinge menor patamar desde 2010"},"content":{"rendered":"<p> A <strong><em>Inten\u00e7\u00e3o de Consumo das Fam\u00edlias<\/em><\/strong> (ICF) caiu 4,6% de abril para maio deste ano, segundo a Confedera\u00e7\u00e3o Nacional do Com\u00e9rcio de Bens, Servi\u00e7os e Turismo (CNC). Essa foi a terceira queda consecutiva da ICF neste tipo de compara\u00e7\u00e3o. Ao atingir 69,9 pontos, a Inten\u00e7\u00e3o de Consumo das Fam\u00edlias chegou ao menor patamar desde o in\u00edcio da s\u00e9rie hist\u00f3rica, em janeiro de 2010.<\/p>\n<p>Em rela\u00e7\u00e3o a maio de 2015, o indicador recuou 27,5%, marcando a 41\u00aa queda consecutiva da ICF na compara\u00e7\u00e3o anual, pois a Inten\u00e7\u00e3o de Consumo das Fam\u00edlias tem tido recuos desde janeiro de 2012.<\/p>\n<p>Na compara\u00e7\u00e3o mensal, os componentes da ICF que mais recuaram foram a avalia\u00e7\u00e3o sobre o n\u00edvel de consumo atual (-8,7%), na compra a prazo (-5,6%) e na renda atual (-5,4%). J\u00e1 na compara\u00e7\u00e3o anual, as maiores quedas foram observadas no n\u00edvel de consumo atual (-39,2%), no momento para a compra de bens dur\u00e1veis (-39,1%) e na perspectiva de consumo (-37,5%).<\/p>\n<p>Vitor Abdala \u2013 Rep\u00f3rter da Ag\u00eancia Brasil<br \/>\nEdi\u00e7\u00e3o: Talita Cavalcante<br \/>\n20\/05\/2016<br \/>\n&#8212;<br \/>\nA Empresa Brasil de Comunica\u00e7\u00e3o \u00e9 uma institui\u00e7\u00e3o da democracia brasileira: p\u00fablica, inclusiva e cidad\u00e3. Criada em 2007 para fortalecer o sistema p\u00fablico de comunica\u00e7\u00e3o, \u00e9 gestora dos canais TV Brasil, TV Brasil Internacional, Ag\u00eancia Brasil, Radioag\u00eancia Nacional e do sistema p\u00fablico de R\u00e1dio \u2013 composto por oito emissoras. Estes, por sua independ\u00eancia editorial, distinguem-se dos canais estatais ou governamentais, com conte\u00fados diferenciados e complementares aos canais privados. Os ve\u00edculos da EBC t\u00eam autonomia para definir produ\u00e7\u00e3o, programa\u00e7\u00e3o e distribui\u00e7\u00e3o de conte\u00fados.<\/p>\n","protected":false},"excerpt":{"rendered":"<p>A Inten\u00e7\u00e3o de Consumo das Fam\u00edlias (ICF) caiu 4,6% de abril para maio deste ano, segundo a Confedera\u00e7\u00e3o Nacional do Com\u00e9rcio de Bens, Servi\u00e7os e Turismo (CNC). Essa foi a terceira queda consecutiva da ICF neste tipo de compara\u00e7\u00e3o. Ao atingir 69,9 pontos, a Inten\u00e7\u00e3o de Consumo das Fam\u00edlias chegou ao menor patamar desde o [&hellip;]<\/p>\n","protected":false},"author":2,"featured_media":40734,"comment_status":"open","ping_status":"closed","sticky":false,"template":"","format":"standard","meta":{"_genesis_hide_title":false,"_genesis_hide_breadcrumbs":false,"_genesis_hide_singular_image":false,"_genesis_hide_footer_widgets":false,"_genesis_custom_body_class":"","_genesis_custom_post_class":"","_genesis_layout":"","_jetpack_memberships_contains_paid_content":false,"footnotes":""},"categories":[22,7],"tags":[],"class_list":{"0":"post-86625","1":"post","2":"type-post","3":"status-publish","4":"format-standard","5":"has-post-thumbnail","7":"category-brasil","8":"category-economia","9":"entry","10":"gs-1","11":"gs-odd","12":"gs-even","13":"gs-featured-content-entry"},"jetpack_featured_media_url":"https:\/\/www.redenoticia.com.br\/noticia\/imagens\/economia-resultados.jpg","jetpack_sharing_enabled":true,"jetpack_likes_enabled":true,"_links":{"self":[{"href":"https:\/\/www.redenoticia.com.br\/noticia\/wp-json\/wp\/v2\/posts\/86625","targetHints":{"allow":["GET"]}}],"collection":[{"href":"https:\/\/www.redenoticia.com.br\/noticia\/wp-json\/wp\/v2\/posts"}],"about":[{"href":"https:\/\/www.redenoticia.com.br\/noticia\/wp-json\/wp\/v2\/types\/post"}],"author":[{"embeddable":true,"href":"https:\/\/www.redenoticia.com.br\/noticia\/wp-json\/wp\/v2\/users\/2"}],"replies":[{"embeddable":true,"href":"https:\/\/www.redenoticia.com.br\/noticia\/wp-json\/wp\/v2\/comments?post=86625"}],"version-history":[{"count":0,"href":"https:\/\/www.redenoticia.com.br\/noticia\/wp-json\/wp\/v2\/posts\/86625\/revisions"}],"wp:featuredmedia":[{"embeddable":true,"href":"https:\/\/www.redenoticia.com.br\/noticia\/wp-json\/wp\/v2\/media\/40734"}],"wp:attachment":[{"href":"https:\/\/www.redenoticia.com.br\/noticia\/wp-json\/wp\/v2\/media?parent=86625"}],"wp:term":[{"taxonomy":"category","embeddable":true,"href":"https:\/\/www.redenoticia.com.br\/noticia\/wp-json\/wp\/v2\/categories?post=86625"},{"taxonomy":"post_tag","embeddable":true,"href":"https:\/\/www.redenoticia.com.br\/noticia\/wp-json\/wp\/v2\/tags?post=86625"}],"curies":[{"name":"wp","href":"https:\/\/api.w.org\/{rel}","templated":true}]}}