{"id":86621,"date":"2016-05-20T10:15:23","date_gmt":"2016-05-20T13:15:23","guid":{"rendered":"http:\/\/www.redenoticia.com.br\/noticia\/?p=86621"},"modified":"2016-05-19T21:16:47","modified_gmt":"2016-05-20T00:16:47","slug":"vendas-do-tesouro-direto-atingem-r-138-bilhao-em-abril","status":"publish","type":"post","link":"https:\/\/www.redenoticia.com.br\/noticia\/2016\/vendas-do-tesouro-direto-atingem-r-138-bilhao-em-abril\/86621","title":{"rendered":"Vendas do Tesouro Direto atingem R$ 1,38 bilh\u00e3o em abril"},"content":{"rendered":"<p> O <strong><em>Tesouro Direto<\/em><\/strong>, programa do governo federal de venda de t\u00edtulos a pessoas f\u00edsicas, vendeu R$ 1,388 bilh\u00e3o em pap\u00e9is em abril, segundo informa\u00e7\u00e3o divulgada pelo Minist\u00e9rio da Fazenda. Os t\u00edtulos mais procurados foram os indexados ao \u00cdndice de Pre\u00e7os ao Consumidor Amplo (IPCA), com 61,8% de participa\u00e7\u00e3o nas vendas.<\/p>\n<p>Os t\u00edtulos indexados \u00e0 Selic, taxa b\u00e1sica de juros da economia, ficaram em segundo lugar entre os mais procurados, respondendo por 26,2% das vendas. Os t\u00edtulos prefixados corresponderam a 12% do total. O estoque do programa alcan\u00e7ou R$ 30,5 bilh\u00f5es, com crescimento de 4% em rela\u00e7\u00e3o a mar\u00e7o e 73,7% sobre abril de 2015.<\/p>\n<p>Pequenos investidores<\/p>\n<p>As vendas at\u00e9 R$ 5 mil corresponderam a 68,1% do total no m\u00eas, o que, segundo o Minist\u00e9rio da Fazenda, mostra a utiliza\u00e7\u00e3o do programa por pequenos investidores. O valor m\u00e9dio por opera\u00e7\u00e3o ficou em R$ 12.312,19 em abril e foram realizadas 112.760 opera\u00e7\u00f5es de venda.<\/p>\n<p>O balan\u00e7o mostra, ainda, crescimento no total de investidores. O n\u00famero de investidores cadastrados chegou a 737.756, o que representa aumento de 48,8% em doze meses. A quantidade de investidores ativos, que s\u00e3o os que realmente possuem aplica\u00e7\u00f5es, chegou a 283.877, crescendo 3,36% na compara\u00e7\u00e3o com mar\u00e7o e de 89% nos \u00faltimos doze meses.<\/p>\n<p>Mariana Branco &#8211; Rep\u00f3rter da Ag\u00eancia Brasil<br \/>\nEdi\u00e7\u00e3o: Kleber Sampaio<br \/>\n20\/05\/2016<\/p>\n","protected":false},"excerpt":{"rendered":"<p>O Tesouro Direto, programa do governo federal de venda de t\u00edtulos a pessoas f\u00edsicas, vendeu R$ 1,388 bilh\u00e3o em pap\u00e9is em abril, segundo informa\u00e7\u00e3o divulgada pelo Minist\u00e9rio da Fazenda. Os t\u00edtulos mais procurados foram os indexados ao \u00cdndice de Pre\u00e7os ao Consumidor Amplo (IPCA), com 61,8% de participa\u00e7\u00e3o nas vendas. Os t\u00edtulos indexados \u00e0 Selic, [&hellip;]<\/p>\n","protected":false},"author":2,"featured_media":57585,"comment_status":"open","ping_status":"closed","sticky":false,"template":"","format":"standard","meta":{"_genesis_hide_title":false,"_genesis_hide_breadcrumbs":false,"_genesis_hide_singular_image":false,"_genesis_hide_footer_widgets":false,"_genesis_custom_body_class":"","_genesis_custom_post_class":"","_genesis_layout":"","_jetpack_memberships_contains_paid_content":false,"footnotes":""},"categories":[22,7],"tags":[],"class_list":{"0":"post-86621","1":"post","2":"type-post","3":"status-publish","4":"format-standard","5":"has-post-thumbnail","7":"category-brasil","8":"category-economia","9":"entry","10":"gs-1","11":"gs-odd","12":"gs-even","13":"gs-featured-content-entry"},"jetpack_featured_media_url":"https:\/\/www.redenoticia.com.br\/noticia\/imagens\/analise-economia.jpg","jetpack_sharing_enabled":true,"jetpack_likes_enabled":true,"_links":{"self":[{"href":"https:\/\/www.redenoticia.com.br\/noticia\/wp-json\/wp\/v2\/posts\/86621","targetHints":{"allow":["GET"]}}],"collection":[{"href":"https:\/\/www.redenoticia.com.br\/noticia\/wp-json\/wp\/v2\/posts"}],"about":[{"href":"https:\/\/www.redenoticia.com.br\/noticia\/wp-json\/wp\/v2\/types\/post"}],"author":[{"embeddable":true,"href":"https:\/\/www.redenoticia.com.br\/noticia\/wp-json\/wp\/v2\/users\/2"}],"replies":[{"embeddable":true,"href":"https:\/\/www.redenoticia.com.br\/noticia\/wp-json\/wp\/v2\/comments?post=86621"}],"version-history":[{"count":0,"href":"https:\/\/www.redenoticia.com.br\/noticia\/wp-json\/wp\/v2\/posts\/86621\/revisions"}],"wp:featuredmedia":[{"embeddable":true,"href":"https:\/\/www.redenoticia.com.br\/noticia\/wp-json\/wp\/v2\/media\/57585"}],"wp:attachment":[{"href":"https:\/\/www.redenoticia.com.br\/noticia\/wp-json\/wp\/v2\/media?parent=86621"}],"wp:term":[{"taxonomy":"category","embeddable":true,"href":"https:\/\/www.redenoticia.com.br\/noticia\/wp-json\/wp\/v2\/categories?post=86621"},{"taxonomy":"post_tag","embeddable":true,"href":"https:\/\/www.redenoticia.com.br\/noticia\/wp-json\/wp\/v2\/tags?post=86621"}],"curies":[{"name":"wp","href":"https:\/\/api.w.org\/{rel}","templated":true}]}}