{"id":86619,"date":"2016-05-20T10:14:00","date_gmt":"2016-05-20T13:14:00","guid":{"rendered":"http:\/\/www.redenoticia.com.br\/noticia\/?p=86619"},"modified":"2016-05-19T21:15:05","modified_gmt":"2016-05-20T00:15:05","slug":"marinha-acerta-parceria-para-receber-treinos-de-usain-bolt-no-rio","status":"publish","type":"post","link":"https:\/\/www.redenoticia.com.br\/noticia\/2016\/marinha-acerta-parceria-para-receber-treinos-de-usain-bolt-no-rio\/86619","title":{"rendered":"Marinha acerta parceria para receber treinos de Usain Bolt no Rio"},"content":{"rendered":"<p> Os seis ouros ol\u00edmpicos do jamaicano Usain Bolt nas provas mais r\u00e1pidas do atletismo o credenciam como uma das principais estrelas aguardadas para os <strong><em>Jogos Ol\u00edmpicos e Paral\u00edmpicos<\/em><\/strong> do Rio. Antes das provas de velocidade no Est\u00e1dio do Engenh\u00e3o, Bolt e sua equipe t\u00eam um per\u00edodo de treinamento programado para o Centro de Educa\u00e7\u00e3o F\u00edsica Almirante Adalberto Nunes (Cefan), da Marinha, na zona norte do Rio.<\/p>\n<p>A equipe de atletismo da Jamaica \u00e9 uma das que acertou parceria com a Marinha para treinar nas instala\u00e7\u00f5es esportivas do Cefan, que fica na Avenida Brasil, uma das vias mais movimentadas do Rio e que funciona como principal liga\u00e7\u00e3o da zona oeste e da Baixada Fluminense com o centro da cidade.<\/p>\n<p>A programa\u00e7\u00e3o dos militares para o per\u00edodo anterior aos jogos inclui ainda a equipe de boxe de Cuba, o jud\u00f4 de Portugal, os atletas do pentatlo moderno da Coreia do Sul e o futebol feminino da Nova Zel\u00e2ndia. Porto Rico deve mandar tr\u00eas equipes diferentes para o Cefan: atletismo, luta esportiva e taekwondo.<\/p>\n<p>Durante o per\u00edodo dos Jogos, que come\u00e7am em 5 de agosto, o Cefan ser\u00e1 um dos centros oficiais de treinamentos que poder\u00e3o ser requisitados pelas delega\u00e7\u00f5es, com a media\u00e7\u00e3o do Comit\u00ea Rio 2016. Nesse per\u00edodo, o centro estar\u00e1 aberto para equipes de v\u00f4lei, futebol e polo aqu\u00e1tico.<\/p>\n<p> &#8220;\u00c9 uma honra muito grande receber esses atletas do mais alto n\u00edvel, que, al\u00e9m disso, v\u00e3o contribuir para o esporte nacional em fun\u00e7\u00e3o da conviv\u00eancia que v\u00e3o proporcionar para os nossos militares e nossos atletas&#8221;, disse o comandante do Cefan, almirante Carlos Chagas Vianna, que afirmou ainda ser cedo para fazer uma estimativa de quantos estrangeiros passar\u00e3o pela instala\u00e7\u00e3o da Marinha.<\/p>\n<p>Vin\u00edcius Lisboa &#8211; Rep\u00f3rter da Ag\u00eancia Brasil<br \/>\nEdi\u00e7\u00e3o: Maria Claudia<br \/>\n20\/05\/2016<\/p>\n","protected":false},"excerpt":{"rendered":"<p>Os seis ouros ol\u00edmpicos do jamaicano Usain Bolt nas provas mais r\u00e1pidas do atletismo o credenciam como uma das principais estrelas aguardadas para os Jogos Ol\u00edmpicos e Paral\u00edmpicos do Rio. Antes das provas de velocidade no Est\u00e1dio do Engenh\u00e3o, Bolt e sua equipe t\u00eam um per\u00edodo de treinamento programado para o Centro de Educa\u00e7\u00e3o F\u00edsica [&hellip;]<\/p>\n","protected":false},"author":2,"featured_media":39880,"comment_status":"open","ping_status":"closed","sticky":false,"template":"","format":"standard","meta":{"_genesis_hide_title":false,"_genesis_hide_breadcrumbs":false,"_genesis_hide_singular_image":false,"_genesis_hide_footer_widgets":false,"_genesis_custom_body_class":"","_genesis_custom_post_class":"","_genesis_layout":"","_jetpack_memberships_contains_paid_content":false,"footnotes":""},"categories":[22],"tags":[],"class_list":{"0":"post-86619","1":"post","2":"type-post","3":"status-publish","4":"format-standard","5":"has-post-thumbnail","7":"category-brasil","8":"entry","9":"gs-1","10":"gs-odd","11":"gs-even","12":"gs-featured-content-entry"},"jetpack_featured_media_url":"https:\/\/www.redenoticia.com.br\/noticia\/imagens\/olimpiadas.jpg","jetpack_sharing_enabled":true,"jetpack_likes_enabled":true,"_links":{"self":[{"href":"https:\/\/www.redenoticia.com.br\/noticia\/wp-json\/wp\/v2\/posts\/86619","targetHints":{"allow":["GET"]}}],"collection":[{"href":"https:\/\/www.redenoticia.com.br\/noticia\/wp-json\/wp\/v2\/posts"}],"about":[{"href":"https:\/\/www.redenoticia.com.br\/noticia\/wp-json\/wp\/v2\/types\/post"}],"author":[{"embeddable":true,"href":"https:\/\/www.redenoticia.com.br\/noticia\/wp-json\/wp\/v2\/users\/2"}],"replies":[{"embeddable":true,"href":"https:\/\/www.redenoticia.com.br\/noticia\/wp-json\/wp\/v2\/comments?post=86619"}],"version-history":[{"count":0,"href":"https:\/\/www.redenoticia.com.br\/noticia\/wp-json\/wp\/v2\/posts\/86619\/revisions"}],"wp:featuredmedia":[{"embeddable":true,"href":"https:\/\/www.redenoticia.com.br\/noticia\/wp-json\/wp\/v2\/media\/39880"}],"wp:attachment":[{"href":"https:\/\/www.redenoticia.com.br\/noticia\/wp-json\/wp\/v2\/media?parent=86619"}],"wp:term":[{"taxonomy":"category","embeddable":true,"href":"https:\/\/www.redenoticia.com.br\/noticia\/wp-json\/wp\/v2\/categories?post=86619"},{"taxonomy":"post_tag","embeddable":true,"href":"https:\/\/www.redenoticia.com.br\/noticia\/wp-json\/wp\/v2\/tags?post=86619"}],"curies":[{"name":"wp","href":"https:\/\/api.w.org\/{rel}","templated":true}]}}