{"id":86551,"date":"2016-05-19T10:43:33","date_gmt":"2016-05-19T13:43:33","guid":{"rendered":"http:\/\/www.redenoticia.com.br\/noticia\/?p=86551"},"modified":"2016-05-18T18:45:29","modified_gmt":"2016-05-18T21:45:29","slug":"fipe-indica-ligeira-alta-da-inflacao-na-segunda-previa-de-maio","status":"publish","type":"post","link":"https:\/\/www.redenoticia.com.br\/noticia\/2016\/fipe-indica-ligeira-alta-da-inflacao-na-segunda-previa-de-maio\/86551","title":{"rendered":"Fipe indica ligeira alta da infla\u00e7\u00e3o na segunda pr\u00e9via de maio"},"content":{"rendered":"<p> O <strong><em>\u00cdndice de Pre\u00e7os ao Consumidor<\/em><\/strong> (IPC), medido pela Funda\u00e7\u00e3o Instituto de Pesquisas Econ\u00f4micas (Fipe) na cidade de S\u00e3o Paulo, subiu de 0,38% para 0,41% entre a primeira e a segunda quadrissemana de maio. Tr\u00eas dos sete grupos pesquisados tiveram aumento: habita\u00e7\u00e3o (de 0% para 0,13%); despesas pessoais (de 0,62% para 0,92%) e educa\u00e7\u00e3o (de 0,15% para para 0,16%).<\/p>\n<p>Apesar de ter registrado decr\u00e9scimo (de 2,46% para 2,40%), o grupo sa\u00fade foi o que causou maior impacto inflacion\u00e1rio. Essa classe de despesa ainda reflete o efeito do reajuste de pre\u00e7os dos rem\u00e9dios, que ocorreu no m\u00eas passado.<\/p>\n<p>No grupo dos alimentos, o \u00edndice registrou alta (0,5%) inferior \u00e0 registrada no m\u00eas passado (0,57%) e em vestu\u00e1rio foi registrada a mesma taxa da \u00faltima apura\u00e7\u00e3o (0,75%). J\u00e1 em transportes, houve queda de 0,54%. Esse recuo ocorreu sobre uma redu\u00e7\u00e3o de 0,35%, na pesquisa anterior.<\/p>\n<p>Marli Moreira \u2013 Rep\u00f3rter da Ag\u00eancia Brasil<br \/>\nEdi\u00e7\u00e3o: Denise Griesinger<br \/>\n19\/05\/2016<\/p>\n","protected":false},"excerpt":{"rendered":"<p>O \u00cdndice de Pre\u00e7os ao Consumidor (IPC), medido pela Funda\u00e7\u00e3o Instituto de Pesquisas Econ\u00f4micas (Fipe) na cidade de S\u00e3o Paulo, subiu de 0,38% para 0,41% entre a primeira e a segunda quadrissemana de maio. Tr\u00eas dos sete grupos pesquisados tiveram aumento: habita\u00e7\u00e3o (de 0% para 0,13%); despesas pessoais (de 0,62% para 0,92%) e educa\u00e7\u00e3o (de [&hellip;]<\/p>\n","protected":false},"author":2,"featured_media":57584,"comment_status":"open","ping_status":"closed","sticky":false,"template":"","format":"standard","meta":{"_genesis_hide_title":false,"_genesis_hide_breadcrumbs":false,"_genesis_hide_singular_image":false,"_genesis_hide_footer_widgets":false,"_genesis_custom_body_class":"","_genesis_custom_post_class":"","_genesis_layout":"","_jetpack_memberships_contains_paid_content":false,"footnotes":""},"categories":[22,7],"tags":[],"class_list":{"0":"post-86551","1":"post","2":"type-post","3":"status-publish","4":"format-standard","5":"has-post-thumbnail","7":"category-brasil","8":"category-economia","9":"entry","10":"gs-1","11":"gs-odd","12":"gs-even","13":"gs-featured-content-entry"},"jetpack_featured_media_url":"https:\/\/www.redenoticia.com.br\/noticia\/imagens\/economia-grafica-analise-inflacao.jpg","jetpack_sharing_enabled":true,"jetpack_likes_enabled":true,"_links":{"self":[{"href":"https:\/\/www.redenoticia.com.br\/noticia\/wp-json\/wp\/v2\/posts\/86551","targetHints":{"allow":["GET"]}}],"collection":[{"href":"https:\/\/www.redenoticia.com.br\/noticia\/wp-json\/wp\/v2\/posts"}],"about":[{"href":"https:\/\/www.redenoticia.com.br\/noticia\/wp-json\/wp\/v2\/types\/post"}],"author":[{"embeddable":true,"href":"https:\/\/www.redenoticia.com.br\/noticia\/wp-json\/wp\/v2\/users\/2"}],"replies":[{"embeddable":true,"href":"https:\/\/www.redenoticia.com.br\/noticia\/wp-json\/wp\/v2\/comments?post=86551"}],"version-history":[{"count":0,"href":"https:\/\/www.redenoticia.com.br\/noticia\/wp-json\/wp\/v2\/posts\/86551\/revisions"}],"wp:featuredmedia":[{"embeddable":true,"href":"https:\/\/www.redenoticia.com.br\/noticia\/wp-json\/wp\/v2\/media\/57584"}],"wp:attachment":[{"href":"https:\/\/www.redenoticia.com.br\/noticia\/wp-json\/wp\/v2\/media?parent=86551"}],"wp:term":[{"taxonomy":"category","embeddable":true,"href":"https:\/\/www.redenoticia.com.br\/noticia\/wp-json\/wp\/v2\/categories?post=86551"},{"taxonomy":"post_tag","embeddable":true,"href":"https:\/\/www.redenoticia.com.br\/noticia\/wp-json\/wp\/v2\/tags?post=86551"}],"curies":[{"name":"wp","href":"https:\/\/api.w.org\/{rel}","templated":true}]}}