{"id":86549,"date":"2016-05-19T10:42:35","date_gmt":"2016-05-19T13:42:35","guid":{"rendered":"http:\/\/www.redenoticia.com.br\/noticia\/?p=86549"},"modified":"2016-05-18T18:43:28","modified_gmt":"2016-05-18T21:43:28","slug":"empresas-reduzem-procura-por-credito-em-abril-2","status":"publish","type":"post","link":"https:\/\/www.redenoticia.com.br\/noticia\/2016\/empresas-reduzem-procura-por-credito-em-abril-2\/86549","title":{"rendered":"Empresas reduzem procura por cr\u00e9dito em abril"},"content":{"rendered":"<p> A procura das empresas por <strong><em>cr\u00e9dito<\/em><\/strong> caiu 11,6% em abril de 2016 na compara\u00e7\u00e3o com mar\u00e7o. Em rela\u00e7\u00e3o a abril do ano passado, a demanda caiu 4,2%. No acumulado do primeiro quadrimestre de 2016, a busca das empresas por cr\u00e9dito recuou 8,1% em rela\u00e7\u00e3o ao mesmo per\u00edodo de 2015, de acordo com o Indicador Serasa Experian de Demanda das Empresas por Cr\u00e9dito.<\/p>\n<p> Na an\u00e1lise das empresas de acordo com o porte, a queda da demanda por cr\u00e9dito foi maior entre as micro e pequenas empresas, com 12% de decr\u00e9scimo. Nas grandes empresas, o recuo foi de 0,8% e nas m\u00e9dias, a demanda por cr\u00e9dito caiu 2%. No acumulado dos quatro primeiros meses do ano, a procura por cr\u00e9dito nas m\u00e9dias empresas caiu 18% e nas grandes empresas caiu 14,2%. Nas micro e pequenas empresas, a demanda por cr\u00e9dito aumentou 7,6% nesse per\u00edodo.<\/p>\n<p>Todos os setores econ\u00f4micos pesquisados apresentaram retra\u00e7\u00e3o na demanda por cr\u00e9dito em abril ante mar\u00e7o: ind\u00fastria (-11,4%); com\u00e9rcio (-10,8%); e servi\u00e7os (-12,4%). De janeiro a abril a ind\u00fastria teve a maior queda (-10,1%). No com\u00e9rcio, a retra\u00e7\u00e3o no primeiro quadrimestre foi de 8,9% e no setor de servi\u00e7os, de \u2013 6,9%.<\/p>\n<p>Segundo os economistas da Serasa Experian, o aprofundamento da recess\u00e3o econ\u00f4mica, o grau deprimido da confian\u00e7a empresarial e as elevadas taxas de juros dos empr\u00e9stimos s\u00e3o fatores explicam a retra\u00e7\u00e3o da demanda das empresas por cr\u00e9dito.<\/p>\n<p>Flavia Albuquerque &#8211; Rep\u00f3rter da Ag\u00eancia Brasil<br \/>\nEdi\u00e7\u00e3o: Luana Louren\u00e7o<br \/>\n19\/05\/2016<\/p>\n","protected":false},"excerpt":{"rendered":"<p>A procura das empresas por cr\u00e9dito caiu 11,6% em abril de 2016 na compara\u00e7\u00e3o com mar\u00e7o. Em rela\u00e7\u00e3o a abril do ano passado, a demanda caiu 4,2%. No acumulado do primeiro quadrimestre de 2016, a busca das empresas por cr\u00e9dito recuou 8,1% em rela\u00e7\u00e3o ao mesmo per\u00edodo de 2015, de acordo com o Indicador Serasa [&hellip;]<\/p>\n","protected":false},"author":2,"featured_media":57585,"comment_status":"open","ping_status":"closed","sticky":false,"template":"","format":"standard","meta":{"_genesis_hide_title":false,"_genesis_hide_breadcrumbs":false,"_genesis_hide_singular_image":false,"_genesis_hide_footer_widgets":false,"_genesis_custom_body_class":"","_genesis_custom_post_class":"","_genesis_layout":"","_jetpack_memberships_contains_paid_content":false,"footnotes":""},"categories":[22,7],"tags":[],"class_list":{"0":"post-86549","1":"post","2":"type-post","3":"status-publish","4":"format-standard","5":"has-post-thumbnail","7":"category-brasil","8":"category-economia","9":"entry","10":"gs-1","11":"gs-odd","12":"gs-even","13":"gs-featured-content-entry"},"jetpack_featured_media_url":"https:\/\/www.redenoticia.com.br\/noticia\/imagens\/analise-economia.jpg","jetpack_sharing_enabled":true,"jetpack_likes_enabled":true,"_links":{"self":[{"href":"https:\/\/www.redenoticia.com.br\/noticia\/wp-json\/wp\/v2\/posts\/86549","targetHints":{"allow":["GET"]}}],"collection":[{"href":"https:\/\/www.redenoticia.com.br\/noticia\/wp-json\/wp\/v2\/posts"}],"about":[{"href":"https:\/\/www.redenoticia.com.br\/noticia\/wp-json\/wp\/v2\/types\/post"}],"author":[{"embeddable":true,"href":"https:\/\/www.redenoticia.com.br\/noticia\/wp-json\/wp\/v2\/users\/2"}],"replies":[{"embeddable":true,"href":"https:\/\/www.redenoticia.com.br\/noticia\/wp-json\/wp\/v2\/comments?post=86549"}],"version-history":[{"count":0,"href":"https:\/\/www.redenoticia.com.br\/noticia\/wp-json\/wp\/v2\/posts\/86549\/revisions"}],"wp:featuredmedia":[{"embeddable":true,"href":"https:\/\/www.redenoticia.com.br\/noticia\/wp-json\/wp\/v2\/media\/57585"}],"wp:attachment":[{"href":"https:\/\/www.redenoticia.com.br\/noticia\/wp-json\/wp\/v2\/media?parent=86549"}],"wp:term":[{"taxonomy":"category","embeddable":true,"href":"https:\/\/www.redenoticia.com.br\/noticia\/wp-json\/wp\/v2\/categories?post=86549"},{"taxonomy":"post_tag","embeddable":true,"href":"https:\/\/www.redenoticia.com.br\/noticia\/wp-json\/wp\/v2\/tags?post=86549"}],"curies":[{"name":"wp","href":"https:\/\/api.w.org\/{rel}","templated":true}]}}