{"id":86545,"date":"2016-05-19T10:39:33","date_gmt":"2016-05-19T13:39:33","guid":{"rendered":"http:\/\/www.redenoticia.com.br\/noticia\/?p=86545"},"modified":"2016-05-18T18:40:28","modified_gmt":"2016-05-18T21:40:28","slug":"atletismo-paralimpico-encerra-serie-de-eventos-teste-dos-jogos-rio-2016","status":"publish","type":"post","link":"https:\/\/www.redenoticia.com.br\/noticia\/2016\/atletismo-paralimpico-encerra-serie-de-eventos-teste-dos-jogos-rio-2016\/86545","title":{"rendered":"Atletismo paral\u00edmpico encerra s\u00e9rie de eventos-teste dos Jogos Rio 2016"},"content":{"rendered":"<p> O \u00faltimo evento-teste antes dos <strong><em>Jogos Ol\u00edmpicos e Paral\u00edmpicos<\/em><\/strong> Rio 2016 acontece no Est\u00e1dio Ol\u00edmpico Nilton Santos, o Engenh\u00e3o, na zona norte do Rio de Janeiro. O Open Internacional Caixa Loterias de Atletismo re\u00fane mais de 300 atletas paral\u00edmpicos de 23 pa\u00edses.<\/p>\n<p>A competi\u00e7\u00e3o, que faz parte do calend\u00e1rio anual do Comit\u00ea Paral\u00edmpico Internacional, ter\u00e1 a participa\u00e7\u00e3o de estrelas brasileiras, como Alan Fonteles, campe\u00e3o ol\u00edmpico em Londres (2012) e recordista mundial dos 100 e 200 metros rasos em sua categoria, e Lucas Prado, que conquistou tr\u00eas ouros em Pequim (2008) e duas pratas em Londres.<\/p>\n<p>Tamb\u00e9m participam estrelas internacionais, como os cubanos Yunidis Castillo e Omara Duran, o franc\u00eas Pierre Fairbank, o su\u00ed\u00e7o Marcel Hug, a alem\u00e3 Isabelle Foerder, a italiana Martina Caironi e o japon\u00eas Atsushi Yamamoto.<\/p>\n<p>Vitor Abdala \u2013 Rep\u00f3rter da Ag\u00eancia Brasil<br \/>\nEdi\u00e7\u00e3o: Gra\u00e7a Adjuto<br \/>\n19\/05\/2016<\/p>\n","protected":false},"excerpt":{"rendered":"<p>O \u00faltimo evento-teste antes dos Jogos Ol\u00edmpicos e Paral\u00edmpicos Rio 2016 acontece no Est\u00e1dio Ol\u00edmpico Nilton Santos, o Engenh\u00e3o, na zona norte do Rio de Janeiro. O Open Internacional Caixa Loterias de Atletismo re\u00fane mais de 300 atletas paral\u00edmpicos de 23 pa\u00edses. A competi\u00e7\u00e3o, que faz parte do calend\u00e1rio anual do Comit\u00ea Paral\u00edmpico Internacional, ter\u00e1 [&hellip;]<\/p>\n","protected":false},"author":2,"featured_media":39880,"comment_status":"open","ping_status":"closed","sticky":false,"template":"","format":"standard","meta":{"_genesis_hide_title":false,"_genesis_hide_breadcrumbs":false,"_genesis_hide_singular_image":false,"_genesis_hide_footer_widgets":false,"_genesis_custom_body_class":"","_genesis_custom_post_class":"","_genesis_layout":"","_jetpack_memberships_contains_paid_content":false,"footnotes":""},"categories":[22],"tags":[],"class_list":{"0":"post-86545","1":"post","2":"type-post","3":"status-publish","4":"format-standard","5":"has-post-thumbnail","7":"category-brasil","8":"entry","9":"gs-1","10":"gs-odd","11":"gs-even","12":"gs-featured-content-entry"},"jetpack_featured_media_url":"https:\/\/www.redenoticia.com.br\/noticia\/imagens\/olimpiadas.jpg","jetpack_sharing_enabled":true,"jetpack_likes_enabled":true,"_links":{"self":[{"href":"https:\/\/www.redenoticia.com.br\/noticia\/wp-json\/wp\/v2\/posts\/86545","targetHints":{"allow":["GET"]}}],"collection":[{"href":"https:\/\/www.redenoticia.com.br\/noticia\/wp-json\/wp\/v2\/posts"}],"about":[{"href":"https:\/\/www.redenoticia.com.br\/noticia\/wp-json\/wp\/v2\/types\/post"}],"author":[{"embeddable":true,"href":"https:\/\/www.redenoticia.com.br\/noticia\/wp-json\/wp\/v2\/users\/2"}],"replies":[{"embeddable":true,"href":"https:\/\/www.redenoticia.com.br\/noticia\/wp-json\/wp\/v2\/comments?post=86545"}],"version-history":[{"count":0,"href":"https:\/\/www.redenoticia.com.br\/noticia\/wp-json\/wp\/v2\/posts\/86545\/revisions"}],"wp:featuredmedia":[{"embeddable":true,"href":"https:\/\/www.redenoticia.com.br\/noticia\/wp-json\/wp\/v2\/media\/39880"}],"wp:attachment":[{"href":"https:\/\/www.redenoticia.com.br\/noticia\/wp-json\/wp\/v2\/media?parent=86545"}],"wp:term":[{"taxonomy":"category","embeddable":true,"href":"https:\/\/www.redenoticia.com.br\/noticia\/wp-json\/wp\/v2\/categories?post=86545"},{"taxonomy":"post_tag","embeddable":true,"href":"https:\/\/www.redenoticia.com.br\/noticia\/wp-json\/wp\/v2\/tags?post=86545"}],"curies":[{"name":"wp","href":"https:\/\/api.w.org\/{rel}","templated":true}]}}